{"id":10574,"date":"2020-02-16T20:08:33","date_gmt":"2020-02-16T20:08:33","guid":{"rendered":"http:\/\/avrupapress.com\/main\/?p=10574"},"modified":"2020-02-16T20:08:35","modified_gmt":"2020-02-16T20:08:35","slug":"tubitak-genc-girisimci-programi-kapsaminda-genc-girisimcilere-200-bin-tl-hibe-edilecek","status":"publish","type":"post","link":"https:\/\/avrupapress.com\/main\/2020\/02\/16\/tubitak-genc-girisimci-programi-kapsaminda-genc-girisimcilere-200-bin-tl-hibe-edilecek\/","title":{"rendered":"TUB\u0130TAK Gen\u00e7 Giri\u015fimci Program\u0131 kapsam\u0131nda, gen\u00e7 giri\u015fimcilere 200 bin TL hibe edilecek"},"content":{"rendered":"\n<p><strong>Sanayi ve Teknoloji Bakan\u0131 Mustafa Varank, \u0130stanbul&rsquo;da d\u00fczenlenen Malatyal\u0131 \u0130\u015f Adamlar\u0131 Derne\u011fi toplant\u0131s\u0131na kat\u0131ld\u0131. Varank, gen\u00e7 giri\u015fimcilere 200 bin liraya kadar hibe deste\u011fi verilece\u011fini a\u00e7\u0131klad\u0131.<\/strong><\/p>\n\n\n\n<figure class=\"wp-block-image\"><img decoding=\"async\" src=\"https:\/\/i2.haber7.net\/\/haber\/haber7\/photos\/2020\/07\/qSUFX_1581879494_1787.jpg\" alt=\"Sanayi ve Tekonolji Bakan\u0131 Mustafa Varank\"\/><\/figure>\n\n\n\n<p>anayi ve Tekonolji Bakan\u0131 Mustafa&nbsp;<a href=\"http:\/\/www.haber7.com\/etiket\/varank\" target=\"_blank\" rel=\"noreferrer noopener\">Varank<\/a>, \u0130stanbul\u2019da d\u00fczenlenen Malatyal\u0131 \u0130\u015f Adamlar\u0131 Derne\u011fi 69. Ayl\u0131k Toplant\u0131s\u0131&rsquo;na kat\u0131ld\u0131.<br><br>Sanayi ve Tekonolji Bakan\u0131 Mustafa Varank<\/p>\n\n\n\n<p>Varank, burada yapt\u0131\u011f\u0131 konu\u015fmada,&nbsp;<strong>\u00ab\u00a0T\u00dcB\u0130TAK Bireysel Gen\u00e7 Giri\u015fimci (B\u0130GG) Program\u0131 2020&rsquo;nin yeni \u00e7a\u011fr\u0131s\u0131 i\u00e7in ba\u015fvurular 28 \u015eubat&rsquo;ta sona erecek. 200 bin liraya kadar hibe verece\u011fiz.<\/strong>\u00a0\u00bb dedi.<\/p>\n\n\n\n<p><strong>DEPREMDEN ZARAR G\u00d6REN KOB\u0130&rsquo;LERE DESTEK<\/strong><\/p>\n\n\n\n<p>Malatya ve Elaz\u0131\u011f&rsquo;da KOSGEB&rsquo;in Acil Destek Kredisi Program\u0131n\u0131 uygulamaya ald\u0131klar\u0131n\u0131 dile getiren Varank, \u201cDo\u011fu Anadolu B\u00f6lgesi&rsquo;nde sanayinin kalbi Malatya&rsquo;da at\u0131yor dersek herhalde yanl\u0131\u015f s\u00f6ylemi\u015f olmay\u0131z. G\u0131dadan tekstile, makineden mobilyaya pek \u00e7ok alanda g\u00fc\u00e7l\u00fc bir kapasite birikimi s\u00f6z konusu. Tabi bu altyap\u0131n\u0131n geli\u015fmesinde sundu\u011fumuz desteklerin b\u00fcy\u00fck katk\u0131s\u0131 oldu. Bug\u00fcne kadar Malatya&rsquo;da 8 milyar liral\u0131k sabit yat\u0131r\u0131m\u0131 te\u015fvik edip, 28 bin vatanda\u015f\u0131m\u0131z\u0131n istihdam edilmesini sa\u011flad\u0131k. Giri\u015fimcilik, Ar-Ge ve finansman gibi alanlarda 6 bine yak\u0131n KOB\u0130, KOSGEB&rsquo;ten faydalan\u0131yor. Malatya inovasyon alan\u0131nda da \u00f6nemli ad\u0131mlar att\u0131. Bakanl\u0131\u011f\u0131m\u0131zca desteklenen teknopark\u0131n doluluk oran\u0131 y\u00fczde 95. \u015eehrimiz ayr\u0131ca tekstil ve makine alan\u0131nda inovatif \u00e7\u00f6z\u00fcmlere odaklanm\u0131\u015f Ar-Ge merkezlerine de ev sahipli\u011fi yap\u0131yor. \u0130limizdeki organize sanayi b\u00f6lgelerinde 27 binin \u00fczerinde vatanda\u015f\u0131m\u0131z istihdam ediliyor. Bu kapasiteyi daha da geli\u015ftirmek istiyoruz. \u0130\u015fte bunun i\u00e7in \u00e7ok yak\u0131nlarda Malatya Birinci Organize Sanayi B\u00f6lgesine 27 milyon lira kamula\u015ft\u0131rma bedeli verdik. Ben Malatya&rsquo;da i\u015fine b\u00fcy\u00fck bir \u015fevkle as\u0131lan vatanda\u015flar\u0131m\u0131z\u0131 g\u00f6rd\u00fcm. G\u00f6zlerindeki heyecan\u0131, Malatya&rsquo;y\u0131 daha da ileri g\u00f6t\u00fcrme azmini g\u00f6rd\u00fcm. Malatya&rsquo;n\u0131n geli\u015fmesi demek, b\u00f6lgenin geli\u015fmesi demek. Maalesef ya\u015fanan deprem felaketi hepimizi derinden sarst\u0131. Biz de Say\u0131n Cumhurba\u015fkan\u0131m\u0131z\u0131n talimatlar\u0131yla, Malatya ve Elaz\u0131\u011f&rsquo;da KOSGEB&rsquo;in Acil Destek Kredisi Program\u0131n\u0131 uygulamaya ald\u0131k. Bu kapsamda; depremden zarar g\u00f6ren KOB\u0130&rsquo;lerimize 100 bin liraya kadar faizsiz ve 1 y\u0131l geri \u00f6demesiz kredi vermeye ba\u015flad\u0131k. D\u00fcn itibariyle de her iki ilde yeni bir program\u0131 daha ba\u015flatt\u0131k. B\u00f6lge ekonomisinde olas\u0131 bir durgunlu\u011fun \u00f6n\u00fcne ge\u00e7mek ve \u00fcretimde s\u00fcreklili\u011fi sa\u011flamak istiyoruz. \u0130\u015fte bu kapsamda imalat sanayi i\u015fletmeleri, depremden zarar g\u00f6rmese de, KOSGEB&rsquo;in \u0130\u015fletme Kredisi Faiz Deste\u011fi Program\u0131ndan faydalanabilecekler. Yani \u00e7al\u0131\u015fan say\u0131s\u0131na ba\u011fl\u0131 olmakla birlikte, i\u015fletmeler 150 bin liraya kadar kullanacaklar\u0131 kredide, faizsiz ve 1 y\u0131l geri \u00f6demesiz KOSGEB faiz deste\u011fi program\u0131ndan yararlanacak\u00a0\u00bb \u015feklinde konu\u015ftu.<\/p>\n\n\n\n<p><strong>\u201cT\u00dcB\u0130TAK B\u0130REYSEL GEN\u00c7 G\u0130R\u0130\u015e\u0130MC\u0130 PROGRAMINA BA\u015eVURULAR 28 \u015eUBAT&rsquo;A KADAR DEVAM EDECEK\u00a0\u00bb<\/strong><\/p>\n\n\n\n<p>T\u00fcrkiye&rsquo;nin giri\u015fimcilik alan\u0131nda, \u00f6zellikle de teknoloji tabanl\u0131 i\u015flerde, b\u00fcy\u00fck potansiyele sahip oldu\u011funu vurgulayan Varank, \u201c\u0130\u015fte daha bug\u00fcn Say\u0131n Cumhurba\u015fkan\u0131m\u0131zla birlikte Teknopark \u0130stanbul&rsquo;un ikinci etab\u0131n\u0131n a\u00e7\u0131l\u0131\u015f\u0131n\u0131 ger\u00e7ekle\u015ftirdik. Bak\u0131n\u0131z tek ba\u015f\u0131na bu teknopark; 312 \u015firket 5 binin \u00fczerinde \u00e7al\u0131\u015fan\u0131yla savunma sanayi ba\u015fta olmak \u00fczere pek \u00e7ok alanda \u00f6nc\u00fc projeler ortaya \u00e7\u0131kar\u0131yor. Aselsan, TAI, TEI, Roketsan, STM, BMC Power gibi b\u00fcy\u00fck \u015firketler; Alt\u0131nay Havac\u0131l\u0131k, Pavotek, Femsan, Armelsan gibi y\u00fcksek teknoloji firmalar\u0131 burada yerli ve milli projelere imza at\u0131yor. \u0130novasyonun \u00f6nemini kavram\u0131\u015f firmalar\u0131m\u0131z\u0131n yenilik yapma i\u015ftah\u0131 elbette \u00e7ok m\u00fchim. Biz de Bakanl\u0131k olarak sundu\u011fumuz desteklerle bu i\u015ftah\u0131 kal\u0131c\u0131 hale getiriyoruz. Ar-Ge ve Tasar\u0131m Merkezi belgesine sahip firmalar\u0131m\u0131z; \u00e7e\u015fitli vergi indirimleri ve istisnalardan faydalan\u0131yor. Teknoparklarda yer alan firmalar, vergisel avantajlar\u0131n yan\u0131 s\u0131ra ment\u00f6rl\u00fck, i\u015f e\u015fle\u015ftirmeleri ve ihracat destekleri gibi te\u015fviklerden yararlan\u0131yor. T\u00dcB\u0130TAK ve KOSGEB, i\u015f kurmak ya da kurdu\u011fu i\u015fi daha da geli\u015ftirmek isteyenlere \u00e7ok zengin imk\u00e2nlar sunuyor. T\u00dcB\u0130TAK Bireysel Gen\u00e7 Giri\u015fimci Program\u0131yla, nitelikli giri\u015fimcili\u011fi \u00f6zendirip, y\u00fcksek teknolojili \u00fcr\u00fcnleri geli\u015ftirebilen ba\u015flang\u0131\u00e7 firmalar\u0131n\u0131 ekonomiye kazand\u0131r\u0131yoruz. Bak\u0131n bu program\u0131n ba\u015fvurular\u0131 28 \u015eubat&rsquo;a kadar devam edecek. Programa kabul edilenler 200 bin liraya kadar hibe al\u0131p; teknoloji ve yenilik odakl\u0131 fikirlerini, somut i\u015flere d\u00f6n\u00fc\u015ft\u00fcrebiliyor. Bir di\u011fer vizyoner politikam\u0131z da firmalara sundu\u011fumuz sermaye deste\u011fi. Bunun i\u00e7in 750 milyon liral\u0131k kayna\u011f\u0131 harekete ge\u00e7irecek 2 yeni fon kurduk. Bu fonlar; teknolojiye, sanayiye ve yenili\u011fe yat\u0131r\u0131m yapacak. Bu fonlar; yat\u0131r\u0131mlar\u0131n\u0131za ortak olup, sizi bankalara faiz \u00f6demekten ya da kredi borcuna girmekten kurtaracak. KOB\u0130&rsquo;ler, yenilik\u00e7i i\u015fletmeler ve i\u015f kurmak isteyenler mutlaka bu f\u0131rsat\u0131 da de\u011ferlendirmeli\u00a0\u00bb dedi.<\/p>\n","protected":false},"excerpt":{"rendered":"<p>Sanayi ve Teknoloji Bakan\u0131 Mustafa Varank, \u0130stanbul&rsquo;da d\u00fczenlenen Malatyal\u0131 \u0130\u015f Adamlar\u0131 Derne\u011fi toplant\u0131s\u0131na kat\u0131ld\u0131. Varank, gen\u00e7 giri\u015fimcilere 200 bin liraya kadar hibe deste\u011fi verilece\u011fini a\u00e7\u0131klad\u0131. anayi ve Tekonolji Bakan\u0131 Mustafa&nbsp;Varank, \u0130stanbul\u2019da d\u00fczenlenen Malatyal\u0131 \u0130\u015f Adamlar\u0131 Derne\u011fi 69. Ayl\u0131k Toplant\u0131s\u0131&rsquo;na kat\u0131ld\u0131. Sanayi ve Tekonolji Bakan\u0131 Mustafa Varank Varank, burada yapt\u0131\u011f\u0131 konu\u015fmada,&nbsp;\u00ab\u00a0T\u00dcB\u0130TAK Bireysel Gen\u00e7 Giri\u015fimci (B\u0130GG) Program\u0131 [&hellip;]<\/p>\n","protected":false},"author":3,"featured_media":10575,"comment_status":"closed","ping_status":"open","sticky":false,"template":"","format":"standard","meta":{"footnotes":""},"categories":[14,16,3,17,2],"tags":[5070],"class_list":["post-10574","post","type-post","status-publish","format-standard","has-post-thumbnail","hentry","category-avrupa","category-belcika","category-dunya","category-ekonomi","category-turkiye","tag-tubitak-genc-girisimci-programi-kapsaminda"],"yoast_head":"<!-- This site is optimized with the Yoast SEO plugin v26.9 - https:\/\/yoast.com\/product\/yoast-seo-wordpress\/ -->\n<title>TUB\u0130TAK Gen\u00e7 Giri\u015fimci Program\u0131 kapsam\u0131nda, gen\u00e7 giri\u015fimcilere 200 bin TL hibe edilecek - AvrupaPress<\/title>\n<meta name=\"robots\" content=\"index, follow, max-snippet:-1, max-image-preview:large, max-video-preview:-1\" \/>\n<link rel=\"canonical\" href=\"https:\/\/avrupapress.com\/2020\/02\/16\/tubitak-genc-girisimci-programi-kapsaminda-genc-girisimcilere-200-bin-tl-hibe-edilecek\/\" \/>\n<meta property=\"og:locale\" content=\"fr_FR\" \/>\n<meta property=\"og:type\" content=\"article\" \/>\n<meta property=\"og:title\" content=\"TUB\u0130TAK Gen\u00e7 Giri\u015fimci Program\u0131 kapsam\u0131nda, gen\u00e7 giri\u015fimcilere 200 bin TL hibe edilecek - AvrupaPress\" \/>\n<meta property=\"og:description\" content=\"Sanayi ve Teknoloji Bakan\u0131 Mustafa Varank, \u0130stanbul&rsquo;da d\u00fczenlenen Malatyal\u0131 \u0130\u015f Adamlar\u0131 Derne\u011fi toplant\u0131s\u0131na kat\u0131ld\u0131. Varank, gen\u00e7 giri\u015fimcilere 200 bin liraya kadar hibe deste\u011fi verilece\u011fini a\u00e7\u0131klad\u0131. anayi ve Tekonolji Bakan\u0131 Mustafa&nbsp;Varank, \u0130stanbul\u2019da d\u00fczenlenen Malatyal\u0131 \u0130\u015f Adamlar\u0131 Derne\u011fi 69. Ayl\u0131k Toplant\u0131s\u0131&rsquo;na kat\u0131ld\u0131. Sanayi ve Tekonolji Bakan\u0131 Mustafa Varank Varank, burada yapt\u0131\u011f\u0131 konu\u015fmada,&nbsp;\u00ab\u00a0T\u00dcB\u0130TAK Bireysel Gen\u00e7 Giri\u015fimci (B\u0130GG) Program\u0131 [&hellip;]\" \/>\n<meta property=\"og:url\" content=\"https:\/\/avrupapress.com\/2020\/02\/16\/tubitak-genc-girisimci-programi-kapsaminda-genc-girisimcilere-200-bin-tl-hibe-edilecek\/\" \/>\n<meta property=\"og:site_name\" content=\"AvrupaPress\" \/>\n<meta property=\"article:published_time\" content=\"2020-02-16T20:08:33+00:00\" \/>\n<meta property=\"article:modified_time\" content=\"2020-02-16T20:08:35+00:00\" \/>\n<meta property=\"og:image\" content=\"https:\/\/avrupapress.com\/wp-content\/uploads\/2020\/02\/genc-girisimcilere-200-bin-tl-hibe-mujdesi-son_12925054_9359_z5.jpg\" \/>\n\t<meta property=\"og:image:width\" content=\"680\" \/>\n\t<meta property=\"og:image:height\" content=\"360\" \/>\n\t<meta property=\"og:image:type\" content=\"image\/jpeg\" \/>\n<meta name=\"author\" content=\"Edit\u00f6r\" \/>\n<meta name=\"twitter:card\" content=\"summary_large_image\" \/>\n<meta name=\"twitter:label1\" content=\"\u00c9crit par\" \/>\n\t<meta name=\"twitter:data1\" content=\"Edit\u00f6r\" \/>\n\t<meta name=\"twitter:label2\" content=\"Dur\u00e9e de lecture est.\" \/>\n\t<meta name=\"twitter:data2\" content=\"4 minutes\" \/>\n<script type=\"application\/ld+json\" class=\"yoast-schema-graph\">{\"@context\":\"https:\/\/schema.org\",\"@graph\":[{\"@type\":\"Article\",\"@id\":\"https:\/\/avrupapress.com\/2020\/02\/16\/tubitak-genc-girisimci-programi-kapsaminda-genc-girisimcilere-200-bin-tl-hibe-edilecek\/#article\",\"isPartOf\":{\"@id\":\"https:\/\/avrupapress.com\/2020\/02\/16\/tubitak-genc-girisimci-programi-kapsaminda-genc-girisimcilere-200-bin-tl-hibe-edilecek\/\"},\"author\":{\"name\":\"Edit\u00f6r\",\"@id\":\"https:\/\/avrupapress.com\/#\/schema\/person\/68428444ec60970d1e1b700cf4ca1e8f\"},\"headline\":\"TUB\u0130TAK Gen\u00e7 Giri\u015fimci Program\u0131 kapsam\u0131nda, gen\u00e7 giri\u015fimcilere 200 bin TL hibe edilecek\",\"datePublished\":\"2020-02-16T20:08:33+00:00\",\"dateModified\":\"2020-02-16T20:08:35+00:00\",\"mainEntityOfPage\":{\"@id\":\"https:\/\/avrupapress.com\/2020\/02\/16\/tubitak-genc-girisimci-programi-kapsaminda-genc-girisimcilere-200-bin-tl-hibe-edilecek\/\"},\"wordCount\":834,\"publisher\":{\"@id\":\"https:\/\/avrupapress.com\/#\/schema\/person\/0223dca19c72c43575bf30d1a2d8f4fa\"},\"image\":{\"@id\":\"https:\/\/avrupapress.com\/2020\/02\/16\/tubitak-genc-girisimci-programi-kapsaminda-genc-girisimcilere-200-bin-tl-hibe-edilecek\/#primaryimage\"},\"thumbnailUrl\":\"https:\/\/avrupapress.com\/main\/wp-content\/uploads\/2020\/02\/genc-girisimcilere-200-bin-tl-hibe-mujdesi-son_12925054_9359_z5.jpg\",\"keywords\":[\"TUB\u0130TAK Gen\u00e7 Giri\u015fimci Program\u0131 kapsam\u0131nda\"],\"articleSection\":[\"Avrupa\",\"Bel\u00e7ika\",\"D\u00fcnya\",\"Ekonomi\",\"T\u00fcrkiye\"],\"inLanguage\":\"fr-BE\"},{\"@type\":\"WebPage\",\"@id\":\"https:\/\/avrupapress.com\/2020\/02\/16\/tubitak-genc-girisimci-programi-kapsaminda-genc-girisimcilere-200-bin-tl-hibe-edilecek\/\",\"url\":\"https:\/\/avrupapress.com\/2020\/02\/16\/tubitak-genc-girisimci-programi-kapsaminda-genc-girisimcilere-200-bin-tl-hibe-edilecek\/\",\"name\":\"TUB\u0130TAK Gen\u00e7 Giri\u015fimci Program\u0131 kapsam\u0131nda, gen\u00e7 giri\u015fimcilere 200 bin TL hibe edilecek - AvrupaPress\",\"isPartOf\":{\"@id\":\"https:\/\/avrupapress.com\/#website\"},\"primaryImageOfPage\":{\"@id\":\"https:\/\/avrupapress.com\/2020\/02\/16\/tubitak-genc-girisimci-programi-kapsaminda-genc-girisimcilere-200-bin-tl-hibe-edilecek\/#primaryimage\"},\"image\":{\"@id\":\"https:\/\/avrupapress.com\/2020\/02\/16\/tubitak-genc-girisimci-programi-kapsaminda-genc-girisimcilere-200-bin-tl-hibe-edilecek\/#primaryimage\"},\"thumbnailUrl\":\"https:\/\/avrupapress.com\/main\/wp-content\/uploads\/2020\/02\/genc-girisimcilere-200-bin-tl-hibe-mujdesi-son_12925054_9359_z5.jpg\",\"datePublished\":\"2020-02-16T20:08:33+00:00\",\"dateModified\":\"2020-02-16T20:08:35+00:00\",\"breadcrumb\":{\"@id\":\"https:\/\/avrupapress.com\/2020\/02\/16\/tubitak-genc-girisimci-programi-kapsaminda-genc-girisimcilere-200-bin-tl-hibe-edilecek\/#breadcrumb\"},\"inLanguage\":\"fr-BE\",\"potentialAction\":[{\"@type\":\"ReadAction\",\"target\":[\"https:\/\/avrupapress.com\/2020\/02\/16\/tubitak-genc-girisimci-programi-kapsaminda-genc-girisimcilere-200-bin-tl-hibe-edilecek\/\"]}]},{\"@type\":\"ImageObject\",\"inLanguage\":\"fr-BE\",\"@id\":\"https:\/\/avrupapress.com\/2020\/02\/16\/tubitak-genc-girisimci-programi-kapsaminda-genc-girisimcilere-200-bin-tl-hibe-edilecek\/#primaryimage\",\"url\":\"https:\/\/avrupapress.com\/main\/wp-content\/uploads\/2020\/02\/genc-girisimcilere-200-bin-tl-hibe-mujdesi-son_12925054_9359_z5.jpg\",\"contentUrl\":\"https:\/\/avrupapress.com\/main\/wp-content\/uploads\/2020\/02\/genc-girisimcilere-200-bin-tl-hibe-mujdesi-son_12925054_9359_z5.jpg\",\"width\":680,\"height\":360},{\"@type\":\"BreadcrumbList\",\"@id\":\"https:\/\/avrupapress.com\/2020\/02\/16\/tubitak-genc-girisimci-programi-kapsaminda-genc-girisimcilere-200-bin-tl-hibe-edilecek\/#breadcrumb\",\"itemListElement\":[{\"@type\":\"ListItem\",\"position\":1,\"name\":\"Anasayfa\",\"item\":\"https:\/\/avrupapress.com\/\"},{\"@type\":\"ListItem\",\"position\":2,\"name\":\"TUB\u0130TAK Gen\u00e7 Giri\u015fimci Program\u0131 kapsam\u0131nda, gen\u00e7 giri\u015fimcilere 200 bin TL hibe edilecek\"}]},{\"@type\":\"WebSite\",\"@id\":\"https:\/\/avrupapress.com\/#website\",\"url\":\"https:\/\/avrupapress.com\/\",\"name\":\"AvrupaPress\",\"description\":\"Haberin Adresi\",\"publisher\":{\"@id\":\"https:\/\/avrupapress.com\/#\/schema\/person\/0223dca19c72c43575bf30d1a2d8f4fa\"},\"potentialAction\":[{\"@type\":\"SearchAction\",\"target\":{\"@type\":\"EntryPoint\",\"urlTemplate\":\"https:\/\/avrupapress.com\/?s={search_term_string}\"},\"query-input\":{\"@type\":\"PropertyValueSpecification\",\"valueRequired\":true,\"valueName\":\"search_term_string\"}}],\"inLanguage\":\"fr-BE\"},{\"@type\":[\"Person\",\"Organization\"],\"@id\":\"https:\/\/avrupapress.com\/#\/schema\/person\/0223dca19c72c43575bf30d1a2d8f4fa\",\"name\":\"Bilgin \u00d6z\u00e7ift\u00e7i\",\"image\":{\"@type\":\"ImageObject\",\"inLanguage\":\"fr-BE\",\"@id\":\"https:\/\/avrupapress.com\/#\/schema\/person\/image\/\",\"url\":\"https:\/\/secure.gravatar.com\/avatar\/0f23b280433a21e1ea7a0adcc46ed0ad16afe3ad8e630fd13d8a017dcbd54ef3?s=96&d=mm&r=g\",\"contentUrl\":\"https:\/\/secure.gravatar.com\/avatar\/0f23b280433a21e1ea7a0adcc46ed0ad16afe3ad8e630fd13d8a017dcbd54ef3?s=96&d=mm&r=g\",\"caption\":\"Bilgin \u00d6z\u00e7ift\u00e7i\"},\"logo\":{\"@id\":\"https:\/\/avrupapress.com\/#\/schema\/person\/image\/\"},\"description\":\"Ne ben, nede sen... Biz ancak \\\"biz\\\" olursak g\u00fc\u00e7l\u00fc olabiliriz\"},{\"@type\":\"Person\",\"@id\":\"https:\/\/avrupapress.com\/#\/schema\/person\/68428444ec60970d1e1b700cf4ca1e8f\",\"name\":\"Edit\u00f6r\",\"image\":{\"@type\":\"ImageObject\",\"inLanguage\":\"fr-BE\",\"@id\":\"https:\/\/avrupapress.com\/#\/schema\/person\/image\/\",\"url\":\"https:\/\/secure.gravatar.com\/avatar\/74996b0977aa5f1559ba9883776652508b229005c0d78fb2597897f0bd651c09?s=96&d=mm&r=g\",\"contentUrl\":\"https:\/\/secure.gravatar.com\/avatar\/74996b0977aa5f1559ba9883776652508b229005c0d78fb2597897f0bd651c09?s=96&d=mm&r=g\",\"caption\":\"Edit\u00f6r\"},\"sameAs\":[\"http:\/\/www.avrupapress.com\"],\"url\":\"https:\/\/avrupapress.com\/main\/author\/editor\/\"}]}<\/script>\n<!-- \/ Yoast SEO plugin. -->","yoast_head_json":{"title":"TUB\u0130TAK Gen\u00e7 Giri\u015fimci Program\u0131 kapsam\u0131nda, gen\u00e7 giri\u015fimcilere 200 bin TL hibe edilecek - AvrupaPress","robots":{"index":"index","follow":"follow","max-snippet":"max-snippet:-1","max-image-preview":"max-image-preview:large","max-video-preview":"max-video-preview:-1"},"canonical":"https:\/\/avrupapress.com\/2020\/02\/16\/tubitak-genc-girisimci-programi-kapsaminda-genc-girisimcilere-200-bin-tl-hibe-edilecek\/","og_locale":"fr_FR","og_type":"article","og_title":"TUB\u0130TAK Gen\u00e7 Giri\u015fimci Program\u0131 kapsam\u0131nda, gen\u00e7 giri\u015fimcilere 200 bin TL hibe edilecek - AvrupaPress","og_description":"Sanayi ve Teknoloji Bakan\u0131 Mustafa Varank, \u0130stanbul&rsquo;da d\u00fczenlenen Malatyal\u0131 \u0130\u015f Adamlar\u0131 Derne\u011fi toplant\u0131s\u0131na kat\u0131ld\u0131. Varank, gen\u00e7 giri\u015fimcilere 200 bin liraya kadar hibe deste\u011fi verilece\u011fini a\u00e7\u0131klad\u0131. anayi ve Tekonolji Bakan\u0131 Mustafa&nbsp;Varank, \u0130stanbul\u2019da d\u00fczenlenen Malatyal\u0131 \u0130\u015f Adamlar\u0131 Derne\u011fi 69. Ayl\u0131k Toplant\u0131s\u0131&rsquo;na kat\u0131ld\u0131. Sanayi ve Tekonolji Bakan\u0131 Mustafa Varank Varank, burada yapt\u0131\u011f\u0131 konu\u015fmada,&nbsp;\u00ab\u00a0T\u00dcB\u0130TAK Bireysel Gen\u00e7 Giri\u015fimci (B\u0130GG) Program\u0131 [&hellip;]","og_url":"https:\/\/avrupapress.com\/2020\/02\/16\/tubitak-genc-girisimci-programi-kapsaminda-genc-girisimcilere-200-bin-tl-hibe-edilecek\/","og_site_name":"AvrupaPress","article_published_time":"2020-02-16T20:08:33+00:00","article_modified_time":"2020-02-16T20:08:35+00:00","og_image":[{"width":680,"height":360,"url":"https:\/\/avrupapress.com\/wp-content\/uploads\/2020\/02\/genc-girisimcilere-200-bin-tl-hibe-mujdesi-son_12925054_9359_z5.jpg","type":"image\/jpeg"}],"author":"Edit\u00f6r","twitter_card":"summary_large_image","twitter_misc":{"\u00c9crit par":"Edit\u00f6r","Dur\u00e9e de lecture est.":"4 minutes"},"schema":{"@context":"https:\/\/schema.org","@graph":[{"@type":"Article","@id":"https:\/\/avrupapress.com\/2020\/02\/16\/tubitak-genc-girisimci-programi-kapsaminda-genc-girisimcilere-200-bin-tl-hibe-edilecek\/#article","isPartOf":{"@id":"https:\/\/avrupapress.com\/2020\/02\/16\/tubitak-genc-girisimci-programi-kapsaminda-genc-girisimcilere-200-bin-tl-hibe-edilecek\/"},"author":{"name":"Edit\u00f6r","@id":"https:\/\/avrupapress.com\/#\/schema\/person\/68428444ec60970d1e1b700cf4ca1e8f"},"headline":"TUB\u0130TAK Gen\u00e7 Giri\u015fimci Program\u0131 kapsam\u0131nda, gen\u00e7 giri\u015fimcilere 200 bin TL hibe edilecek","datePublished":"2020-02-16T20:08:33+00:00","dateModified":"2020-02-16T20:08:35+00:00","mainEntityOfPage":{"@id":"https:\/\/avrupapress.com\/2020\/02\/16\/tubitak-genc-girisimci-programi-kapsaminda-genc-girisimcilere-200-bin-tl-hibe-edilecek\/"},"wordCount":834,"publisher":{"@id":"https:\/\/avrupapress.com\/#\/schema\/person\/0223dca19c72c43575bf30d1a2d8f4fa"},"image":{"@id":"https:\/\/avrupapress.com\/2020\/02\/16\/tubitak-genc-girisimci-programi-kapsaminda-genc-girisimcilere-200-bin-tl-hibe-edilecek\/#primaryimage"},"thumbnailUrl":"https:\/\/avrupapress.com\/main\/wp-content\/uploads\/2020\/02\/genc-girisimcilere-200-bin-tl-hibe-mujdesi-son_12925054_9359_z5.jpg","keywords":["TUB\u0130TAK Gen\u00e7 Giri\u015fimci Program\u0131 kapsam\u0131nda"],"articleSection":["Avrupa","Bel\u00e7ika","D\u00fcnya","Ekonomi","T\u00fcrkiye"],"inLanguage":"fr-BE"},{"@type":"WebPage","@id":"https:\/\/avrupapress.com\/2020\/02\/16\/tubitak-genc-girisimci-programi-kapsaminda-genc-girisimcilere-200-bin-tl-hibe-edilecek\/","url":"https:\/\/avrupapress.com\/2020\/02\/16\/tubitak-genc-girisimci-programi-kapsaminda-genc-girisimcilere-200-bin-tl-hibe-edilecek\/","name":"TUB\u0130TAK Gen\u00e7 Giri\u015fimci Program\u0131 kapsam\u0131nda, gen\u00e7 giri\u015fimcilere 200 bin TL hibe edilecek - AvrupaPress","isPartOf":{"@id":"https:\/\/avrupapress.com\/#website"},"primaryImageOfPage":{"@id":"https:\/\/avrupapress.com\/2020\/02\/16\/tubitak-genc-girisimci-programi-kapsaminda-genc-girisimcilere-200-bin-tl-hibe-edilecek\/#primaryimage"},"image":{"@id":"https:\/\/avrupapress.com\/2020\/02\/16\/tubitak-genc-girisimci-programi-kapsaminda-genc-girisimcilere-200-bin-tl-hibe-edilecek\/#primaryimage"},"thumbnailUrl":"https:\/\/avrupapress.com\/main\/wp-content\/uploads\/2020\/02\/genc-girisimcilere-200-bin-tl-hibe-mujdesi-son_12925054_9359_z5.jpg","datePublished":"2020-02-16T20:08:33+00:00","dateModified":"2020-02-16T20:08:35+00:00","breadcrumb":{"@id":"https:\/\/avrupapress.com\/2020\/02\/16\/tubitak-genc-girisimci-programi-kapsaminda-genc-girisimcilere-200-bin-tl-hibe-edilecek\/#breadcrumb"},"inLanguage":"fr-BE","potentialAction":[{"@type":"ReadAction","target":["https:\/\/avrupapress.com\/2020\/02\/16\/tubitak-genc-girisimci-programi-kapsaminda-genc-girisimcilere-200-bin-tl-hibe-edilecek\/"]}]},{"@type":"ImageObject","inLanguage":"fr-BE","@id":"https:\/\/avrupapress.com\/2020\/02\/16\/tubitak-genc-girisimci-programi-kapsaminda-genc-girisimcilere-200-bin-tl-hibe-edilecek\/#primaryimage","url":"https:\/\/avrupapress.com\/main\/wp-content\/uploads\/2020\/02\/genc-girisimcilere-200-bin-tl-hibe-mujdesi-son_12925054_9359_z5.jpg","contentUrl":"https:\/\/avrupapress.com\/main\/wp-content\/uploads\/2020\/02\/genc-girisimcilere-200-bin-tl-hibe-mujdesi-son_12925054_9359_z5.jpg","width":680,"height":360},{"@type":"BreadcrumbList","@id":"https:\/\/avrupapress.com\/2020\/02\/16\/tubitak-genc-girisimci-programi-kapsaminda-genc-girisimcilere-200-bin-tl-hibe-edilecek\/#breadcrumb","itemListElement":[{"@type":"ListItem","position":1,"name":"Anasayfa","item":"https:\/\/avrupapress.com\/"},{"@type":"ListItem","position":2,"name":"TUB\u0130TAK Gen\u00e7 Giri\u015fimci Program\u0131 kapsam\u0131nda, gen\u00e7 giri\u015fimcilere 200 bin TL hibe edilecek"}]},{"@type":"WebSite","@id":"https:\/\/avrupapress.com\/#website","url":"https:\/\/avrupapress.com\/","name":"AvrupaPress","description":"Haberin Adresi","publisher":{"@id":"https:\/\/avrupapress.com\/#\/schema\/person\/0223dca19c72c43575bf30d1a2d8f4fa"},"potentialAction":[{"@type":"SearchAction","target":{"@type":"EntryPoint","urlTemplate":"https:\/\/avrupapress.com\/?s={search_term_string}"},"query-input":{"@type":"PropertyValueSpecification","valueRequired":true,"valueName":"search_term_string"}}],"inLanguage":"fr-BE"},{"@type":["Person","Organization"],"@id":"https:\/\/avrupapress.com\/#\/schema\/person\/0223dca19c72c43575bf30d1a2d8f4fa","name":"Bilgin \u00d6z\u00e7ift\u00e7i","image":{"@type":"ImageObject","inLanguage":"fr-BE","@id":"https:\/\/avrupapress.com\/#\/schema\/person\/image\/","url":"https:\/\/secure.gravatar.com\/avatar\/0f23b280433a21e1ea7a0adcc46ed0ad16afe3ad8e630fd13d8a017dcbd54ef3?s=96&d=mm&r=g","contentUrl":"https:\/\/secure.gravatar.com\/avatar\/0f23b280433a21e1ea7a0adcc46ed0ad16afe3ad8e630fd13d8a017dcbd54ef3?s=96&d=mm&r=g","caption":"Bilgin \u00d6z\u00e7ift\u00e7i"},"logo":{"@id":"https:\/\/avrupapress.com\/#\/schema\/person\/image\/"},"description":"Ne ben, nede sen... Biz ancak \"biz\" olursak g\u00fc\u00e7l\u00fc olabiliriz"},{"@type":"Person","@id":"https:\/\/avrupapress.com\/#\/schema\/person\/68428444ec60970d1e1b700cf4ca1e8f","name":"Edit\u00f6r","image":{"@type":"ImageObject","inLanguage":"fr-BE","@id":"https:\/\/avrupapress.com\/#\/schema\/person\/image\/","url":"https:\/\/secure.gravatar.com\/avatar\/74996b0977aa5f1559ba9883776652508b229005c0d78fb2597897f0bd651c09?s=96&d=mm&r=g","contentUrl":"https:\/\/secure.gravatar.com\/avatar\/74996b0977aa5f1559ba9883776652508b229005c0d78fb2597897f0bd651c09?s=96&d=mm&r=g","caption":"Edit\u00f6r"},"sameAs":["http:\/\/www.avrupapress.com"],"url":"https:\/\/avrupapress.com\/main\/author\/editor\/"}]}},"_links":{"self":[{"href":"https:\/\/avrupapress.com\/main\/wp-json\/wp\/v2\/posts\/10574","targetHints":{"allow":["GET"]}}],"collection":[{"href":"https:\/\/avrupapress.com\/main\/wp-json\/wp\/v2\/posts"}],"about":[{"href":"https:\/\/avrupapress.com\/main\/wp-json\/wp\/v2\/types\/post"}],"author":[{"embeddable":true,"href":"https:\/\/avrupapress.com\/main\/wp-json\/wp\/v2\/users\/3"}],"replies":[{"embeddable":true,"href":"https:\/\/avrupapress.com\/main\/wp-json\/wp\/v2\/comments?post=10574"}],"version-history":[{"count":1,"href":"https:\/\/avrupapress.com\/main\/wp-json\/wp\/v2\/posts\/10574\/revisions"}],"predecessor-version":[{"id":10576,"href":"https:\/\/avrupapress.com\/main\/wp-json\/wp\/v2\/posts\/10574\/revisions\/10576"}],"wp:featuredmedia":[{"embeddable":true,"href":"https:\/\/avrupapress.com\/main\/wp-json\/wp\/v2\/media\/10575"}],"wp:attachment":[{"href":"https:\/\/avrupapress.com\/main\/wp-json\/wp\/v2\/media?parent=10574"}],"wp:term":[{"taxonomy":"category","embeddable":true,"href":"https:\/\/avrupapress.com\/main\/wp-json\/wp\/v2\/categories?post=10574"},{"taxonomy":"post_tag","embeddable":true,"href":"https:\/\/avrupapress.com\/main\/wp-json\/wp\/v2\/tags?post=10574"}],"curies":[{"name":"wp","href":"https:\/\/api.w.org\/{rel}","templated":true}]}}