{"id":10570,"date":"2020-02-15T23:24:15","date_gmt":"2020-02-15T23:24:15","guid":{"rendered":"http:\/\/avrupapress.com\/main\/?p=10570"},"modified":"2020-02-15T23:24:19","modified_gmt":"2020-02-15T23:24:19","slug":"turkiyede-emekli-maasi-alamayan-yaslilara-mujde-672-lira-verilecek","status":"publish","type":"post","link":"https:\/\/avrupapress.com\/main\/2020\/02\/15\/turkiyede-emekli-maasi-alamayan-yaslilara-mujde-672-lira-verilecek\/","title":{"rendered":"T\u00fcrkiye&rsquo;de Emekli maa\u015f\u0131 alamayan ya\u015fl\u0131lara m\u00fcjde: 672 lira verilecek!"},"content":{"rendered":"\n<p><strong> Emekli maa\u015f\u0131n\u0131n yan\u0131 s\u0131ra Sosyal G\u00fcvenlik Kurulu\u015flar\u0131&rsquo;ndan herhangi bir geliri olmayan ya\u015fl\u0131 vatanda\u015flar\u0131n hayatlar\u0131n\u0131 ge\u00e7indirmesi i\u00e7in devlet destek veriyor. Emekli maa\u015f\u0131 alamayan vatanda\u015flara yap\u0131lan bu \u00f6demelere kimler nas\u0131l ba\u015fvuru yapaca\u011f\u0131 ise yetkililer taraf\u0131ndan a\u00e7\u0131kland\u0131. Yetkililer taraf\u0131ndan yap\u0131lan a\u00e7\u0131klamada emekli maa\u015f\u0131 almaya hak kazanamayan ya da emekli maa\u015f\u0131 gibi herhangi bir geliri olmayan ya\u015fl\u0131 vatanda\u015flara verilen 672 lira \u00f6demenin detaylar\u0131 haberimizde&#8230; <\/strong><\/p>\n\n\n\n<p>T\u00fcrkiye&rsquo;de devlet taraf\u0131ndan yap\u0131lan ek \u00f6demeler sayesinde vatanda\u015flar az da olsa nefes al\u0131yor.<\/p>\n\n\n\n<p><strong>Emekli maa\u015f\u0131 alanlar<\/strong>\u0131 ve alacak olanlar\u0131 yak\u0131ndan ilgilendiren&nbsp;<strong>emekli<\/strong>&nbsp;maa\u015f\u0131 promosyon karar\u0131 tart\u0131\u015f\u0131l\u0131rken emekli maa\u015f\u0131 alamayan ve emekli maa\u015f\u0131 gibi herhangi bir geliri olmayan ya\u015fl\u0131 vatanda\u015flara devlet gerekli ko\u015fullar\u0131 sa\u011flad\u0131klar\u0131 takdirde \u00f6deme yap\u0131yor.<\/p>\n\n\n\n<p><strong>EMEKL\u0130 MAA\u015eI ALMAYAN YA\u015eLILARA&nbsp;65 YA\u015e AYLI\u011eI&nbsp;NE KADAR \u00d6DEN\u0130YOR?<\/strong><\/p>\n\n\n\n<p>Sosyal g\u00fcvenlik kurulu\u015flar\u0131ndan gelir veya ayl\u0131k almayan 65 ya\u015f\u0131n\u0131 doldurmu\u015f ya\u015fl\u0131 vatanda\u015flara Sosyal Yard\u0131mla\u015fma ve Dayan\u0131\u015fma Vakf\u0131\u2019na (kaymakaml\u0131k) yapt\u0131klar\u0131 ba\u015fvuru sonunda olumlu sonu\u00e7land\u0131\u011f\u0131 takdirde 672 lira \u00f6deme yap\u0131l\u0131yor.<\/p>\n\n\n\n<p><strong>65 YA\u015e AYLI\u011eI \u0130\u00c7\u0130N BA\u015eVURULAR NEREYE YAPILIYOR?<\/strong><\/p>\n\n\n\n<p>&nbsp;Sosyal Yard\u0131mla\u015fma ve Dayan\u0131\u015fma Vakf\u0131\u2019na (kaymakaml\u0131k) ba\u015fvuru yapan&nbsp;65 ya\u015f\u0131n\u0131 doldurmu\u015f ya\u015fl\u0131 vatanda\u015flara \u00f6ncelikle muhta\u00e7l\u0131k de\u011ferlendirmesi yap\u0131l\u0131yor.&nbsp;Muhta\u00e7l\u0131k de\u011ferlendirmesi; ya\u015fl\u0131n\u0131n kendisi ve e\u015finin gelir, servet ve harcamalar\u0131 ile birlikte nafaka y\u00fck\u00fcml\u00fcl\u00fc\u011f\u00fc dikkate al\u0131narak ger\u00e7ekle\u015firken ki\u015fi ba\u015f\u0131na gelir 701 liran\u0131n alt\u0131ndaysa ayl\u0131k ba\u011flan\u0131yor. E\u015f ve ba\u015fvuran ki\u015finin geliri toplam\u0131 1.402 liray\u0131 a\u015f\u0131yorsa ayl\u0131k ba\u011flanm\u0131yor.<\/p>\n\n\n\n<p>2019 y\u0131l\u0131nda 637 lira olan&nbsp;65 ya\u015f ayl\u0131\u011f\u0131 1 Ocak 2020 itibar\u0131yla 672 TL\u2019ye y\u00fckseldi. Eskiden \u00fc\u00e7 ayda bir yap\u0131lan \u00f6deme art\u0131k her ay yap\u0131l\u0131yor. Do\u011fum tarihinin son rakam\u0131 0-5 aras\u0131 olanlar 5\u2019inde, 1-6 aras\u0131 olanlar 6\u2019s\u0131nda, 2-7 aras\u0131nda olanlar 7\u2019sinde, 3-8 olanlar 8\u2019inde, 4-9 aras\u0131 olanlar 9\u2019unda \u00f6deme al\u0131yor.<\/p>\n\n\n\n<p><strong>65 YA\u015e AYLI\u011eI BA\u015eVURU \u015eARTLARI NELER?<\/strong><\/p>\n\n\n\n<p>65 ya\u015f\u0131n dolduran,<br>-T\u00fcrkiye Cumhuriyeti vatanda\u015f\u0131 olan,<br>-Hi\u00e7bir sosyal g\u00fcvencesinin bulunmayan,<br>-Nafaka almayan,<br>-Hi\u00e7bir geliri olmayan,<br>-Sa\u011fl\u0131k sigortas\u0131 bulunmayan,<br>-Sosyal Hizmetler kanununa g\u00f6re har\u00e7l\u0131k olmayan ve<br><br><strong>65 YA\u015e AYLI\u011eI DETAYLI B\u0130LG\u0130<\/strong><\/p>\n\n\n\n<p><strong>65 ya\u015f ayl\u0131\u011f\u0131 ve b\u00fct\u00fcn devlet destekleri ile ilgili sorular \u015f\u00f6yle:<\/strong><\/p>\n\n\n\n<p>Soru 1: 2022 say\u0131l\u0131 Kanun kapsam\u0131ndaki Ya\u015fl\u0131 ve Engelli Ayl\u0131klar\u0131 i\u00e7in nereye ba\u015fvuruda bulunulmaktad\u0131r?<\/p>\n\n\n\n<p>Soru 2: 2022 say\u0131l\u0131 Kanun kapsam\u0131nda verilen engelli ayl\u0131\u011f\u0131nda muhta\u00e7l\u0131k de\u011ferlendirmesi nas\u0131l yap\u0131lmaktad\u0131r?<\/p>\n\n\n\n<p>Soru 3: 2022 say\u0131l\u0131 Kanun kapsam\u0131ndaki ya\u015fl\u0131 ve engelli ayl\u0131klar\u0131 ba\u015fvurusu yap\u0131ld\u0131ktan sonra ba\u015fvuru sahibine Sosyal Yard\u0131mla\u015fma ve Dayan\u0131\u015fma (SYD) Vakf\u0131 taraf\u0131ndan herhangi bir belge verilir mi?<\/p>\n\n\n\n<p>Soru 4: 2022 say\u0131l\u0131 Kanun kapsam\u0131ndaki ya\u015fl\u0131 ve engelli ayl\u0131klar\u0131na ba\u015fvuruda bulunan ki\u015finin i\u015flemleri ne zaman sonu\u00e7land\u0131r\u0131l\u0131r?<\/p>\n\n\n\n<p>Soru 5: 2022 say\u0131l\u0131 Kanun kapsam\u0131nda verilen ya\u015fl\u0131 ayl\u0131\u011f\u0131nda muhta\u00e7l\u0131k de\u011ferlendirmesi nas\u0131l yap\u0131lmaktad\u0131r?<\/p>\n\n\n\n<p>Soru 6: 2022 say\u0131l\u0131 Kanun kapsam\u0131ndaki ya\u015fl\u0131 ve engelli ayl\u0131klar\u0131na ili\u015fkin yap\u0131lan muhta\u00e7l\u0131k hesaplanmas\u0131nda hanedeki di\u011fer bireyler taraf\u0131ndan al\u0131nan 2022 say\u0131l\u0131 Kanun kapsam\u0131ndaki ayl\u0131klar dikkate al\u0131nmakta m\u0131d\u0131r?<\/p>\n\n\n\n<p>Soru 7: Evde Bak\u0131m Yard\u0131m\u0131 alan ki\u015filer 2022 say\u0131l\u0131 Kanun kapsam\u0131ndaki ayl\u0131klara ba\u015fvuruda bulunabilir mi?<\/p>\n\n\n\n<p>Soru 8: E\u015fi Vefat Etmi\u015f Kad\u0131nlara Y\u00f6nelik Yard\u0131mdan faydalanan ki\u015fi 2022 say\u0131l\u0131 Kanun kapsam\u0131ndaki&nbsp;<strong>ya\u015fl\u0131l\u0131k ayl\u0131\u011f\u0131<\/strong>ndan faydalanabilir mi?<\/p>\n\n\n\n<p>Soru 9: 2022 say\u0131l\u0131 Kanun kapsam\u0131ndaki ayl\u0131klardan faydalanan ki\u015fi E\u015fi Vefat Etmi\u015f Kad\u0131nlara Y\u00f6nelik Yard\u0131mdan nas\u0131l faydalanabilir?<\/p>\n\n\n\n<p>Soru 10: 2022 say\u0131l\u0131 Kanun kapsam\u0131nda ayl\u0131k alan ki\u015finin sosyal incelemesi d\u00fczenli olarak yap\u0131lmakta m\u0131d\u0131r?<\/p>\n\n\n\n<p>Soru 11: 2022 say\u0131l\u0131 Kanuna g\u00f6re ka\u00e7 \u00e7e\u015fit ayl\u0131k ba\u011flanmaktad\u0131r?<\/p>\n\n\n\n<p>Soru 12: Ya\u015fl\u0131 Ayl\u0131\u011f\u0131ndan kimler faydalanabilir?<\/p>\n\n\n\n<p>Soru 13: 2022 say\u0131l\u0131 Kanun kapsam\u0131ndaki ya\u015fl\u0131 ayl\u0131\u011f\u0131 ba\u015fvurusunda herhangi bir belge gerekmekte midir?<\/p>\n\n\n\n<p>Soru 14: 2022 say\u0131l\u0131 Kanun kapsam\u0131ndaki ya\u015fl\u0131 ayl\u0131\u011f\u0131 alan ki\u015finin engelli ayl\u0131\u011f\u0131 alabilmesi i\u00e7in engel oran\u0131 ne kadar olmal\u0131d\u0131r?<\/p>\n\n\n\n<p>Soru 15: Ya\u015fl\u0131l\u0131k ayl\u0131\u011f\u0131 ile engelli ayl\u0131\u011f\u0131 birlikte al\u0131nabilir mi?<\/p>\n\n\n\n<p>Soru 16: 65 ya\u015f\u0131n\u0131 doldurmazdan \u00f6nce engelli ayl\u0131\u011f\u0131 alan ki\u015finin 65 ya\u015f\u0131n\u0131 a\u015f\u0131nca engelli ayl\u0131\u011f\u0131 kesilir mi?<\/p>\n\n\n\n<p>Soru 17: 65 ya\u015f\u0131n\u0131 a\u015fm\u0131\u015f ki\u015fi ad\u0131na farkl\u0131 bir ki\u015fi 65 ya\u015f ayl\u0131\u011f\u0131 i\u00e7in ba\u015fvuruda bulunabilir mi?<\/p>\n\n\n\n<p>Soru 18: Engelli ayl\u0131\u011f\u0131ndan faydalanmak isteyen ki\u015finin rapor oran\u0131 y\u00fczde ka\u00e7 olmal\u0131d\u0131r?<\/p>\n\n\n\n<p>Soru 19: Engelli ayl\u0131\u011f\u0131ndan faydalanmak isteyen ki\u015finin ya\u015f\u0131 \u00f6nemli midir?<\/p>\n\n\n\n<p>Soru 20: Engelli ayl\u0131\u011f\u0131 verilirken yaln\u0131zca istenilen rapor oran\u0131 yeterli midir?<\/p>\n\n\n\n<p>Soru 21: Engelli ayl\u0131\u011f\u0131nda muhta\u00e7l\u0131k s\u0131n\u0131r\u0131 nas\u0131l hesaplan\u0131r?<\/p>\n\n\n\n<p>Soru 22: Engelli ayl\u0131\u011f\u0131na ba\u015fvuruda bulunulurken hangi belgeler istenilmektedir?<\/p>\n\n\n\n<p>Soru 23: %70 ve \u00fczeri engelli ayl\u0131\u011f\u0131 nedir?<\/p>\n\n\n\n<p>Soru 24: 15 ya\u015f\u0131nda ve %70&rsquo;in \u00fczerinde raporu bulunan ki\u015fi %70 ve \u00fczeri engelli ayl\u0131\u011f\u0131ndan faydalanabilir mi?<\/p>\n\n\n\n<p>Soru 25: %70 ve \u00fczeri engelli ayl\u0131\u011f\u0131na ba\u015fvuruda bulunulurken muhta\u00e7l\u0131k hesaplamas\u0131 yap\u0131lmakta m\u0131d\u0131r?<\/p>\n\n\n\n<p>Soru 26: 18 ya\u015f alt\u0131 engelli yak\u0131n\u0131 ayl\u0131\u011f\u0131 ne demektir?<\/p>\n\n\n\n<p>Soru 27: 18 ya\u015f ya\u015f alt\u0131 engelli yak\u0131n\u0131 ayl\u0131\u011f\u0131 ba\u015fvurular\u0131nda belge istenmekte midir?<\/p>\n\n\n\n<p>Soru 28: 18 ya\u015f alt\u0131 engelli ayl\u0131\u011f\u0131nda engelli ki\u015finin annesi veya babas\u0131n\u0131n mahkeme karar\u0131 almas\u0131na gerek var m\u0131d\u0131r?<\/p>\n\n\n\n<p>Soru 29: 18 ya\u015f alt\u0131 engelli ayl\u0131\u011f\u0131na ba\u015fvuruda bulunan ki\u015finin muhta\u00e7l\u0131k hesaplamas\u0131 yap\u0131lmakta m\u0131d\u0131r?<\/p>\n\n\n\n<p>Soru 30: 18 ya\u015f\u0131ndan k\u00fc\u00e7\u00fck engelli ki\u015finin anne ve babas\u0131 bo\u015fand\u0131\u011f\u0131 takdirde engelli yak\u0131n\u0131 ayl\u0131\u011f\u0131n\u0131 kim alabilecektir?<\/p>\n\n\n\n<p>Soru 31: Bo\u015fanmadan \u00f6nce 18 ya\u015f alt\u0131 engelli yak\u0131n\u0131 ayl\u0131\u011f\u0131 baba taraf\u0131ndan al\u0131nmaktayken mahkeme engelli \u00e7ocu\u011fun velayetini anneye vermi\u015ftir. Annenin engelli yak\u0131n\u0131 ayl\u0131\u011f\u0131n\u0131 alabilmesi i\u00e7in ne yapmas\u0131 gerekmektedir?<\/p>\n\n\n\n<p>Soru 32: 18 ya\u015f alt\u0131 engelli yak\u0131n\u0131 ayl\u0131\u011f\u0131 alan ki\u015fi engelli ile farkl\u0131 bir hanede ikamet edebilir mi?<\/p>\n\n\n\n<p>Soru 33: 2022 say\u0131l\u0131 Kanun kapsam\u0131nda engelli ayl\u0131\u011f\u0131 alan ki\u015fi ayn\u0131 zamanda \u00e7ocu\u011fu i\u00e7in engelli yak\u0131n\u0131 ayl\u0131\u011f\u0131 alabilir mi?<\/p>\n\n\n\n<p>Soru 34: Silikozis hastal\u0131\u011f\u0131 ayl\u0131\u011f\u0131 ba\u015fvurular\u0131 devam etmekte midir?<\/p>\n\n\n\n<p>Soru 35: Sosyal G\u00fcvenlik Kurumundan (SGK) yetim ayl\u0131\u011f\u0131 alan engelli ki\u015filer 2022 say\u0131l\u0131 Kanun kapsam\u0131ndaki ayl\u0131klar\u0131ndan faydalanabilir mi?<\/p>\n\n\n\n<p>Soru 36: Genel Sa\u011fl\u0131k Sigortas\u0131 (GSS) kapsam\u0131nda sa\u011fl\u0131k primi \u00f6deyen ki\u015fi 2022 ayl\u0131\u011f\u0131ndan faydalanabilir mi?<\/p>\n\n\n\n<p>Soru 37: Nafaka alan bir ki\u015fi 2022 say\u0131l\u0131 Kanun kapsam\u0131ndaki ayl\u0131klardan faydalanabilir mi?<\/p>\n\n\n\n<p>Soru 38: Herhangi bir mevzuat gere\u011fi d\u00fczenli ayl\u0131k alanlar 2022 ayl\u0131\u011f\u0131ndan faydalanabilir mi?<\/p>\n\n\n\n<p>Soru 39: Huzurevinde veya herhangi bir bak\u0131m merkezinde kal\u0131p har\u00e7l\u0131k alan ki\u015filer 2022 say\u0131l\u0131 Kanun kapsam\u0131ndaki ayl\u0131klardan faydalanabilir mi?<\/p>\n\n\n\n<p>Soru 40: Hanede Sosyal G\u00fcvenlik Kurumunda (SGK) kayd\u0131 bulunan ki\u015filerin olmas\u0131 2022 say\u0131l\u0131 Kanun kapsam\u0131ndaki ayl\u0131klar\u0131n al\u0131nmas\u0131nda engel te\u015fkil eder mi?<\/p>\n\n\n\n<p>Soru 41: 2022 say\u0131l\u0131 Kanun kapsam\u0131nda verilen ayl\u0131klarda muhta\u00e7l\u0131k hesaplamalar\u0131 nas\u0131l yap\u0131lmaktad\u0131r?<\/p>\n\n\n\n<p>Soru 42: 2022 say\u0131l\u0131 Kanun kapsam\u0131nda verilen ayl\u0131klarda muhta\u00e7l\u0131k hesaplamas\u0131 yap\u0131l\u0131rken ki\u015finin kira \u00f6demeden oturdu\u011fu evi dikkate al\u0131n\u0131r m\u0131?<\/p>\n\n\n\n<p>Soru 43: 2022 say\u0131l\u0131 Kanun kapsam\u0131nda verilen ayl\u0131klara ba\u015fvuruda bulunan ki\u015finin hanesinin muhta\u00e7l\u0131k hesaplamas\u0131 dikkate al\u0131n\u0131rken hanenin farkl\u0131 konutlardan olu\u015fan kira geliri bulunmaktaysa bu gelirde muhta\u00e7l\u0131\u011fa d\u00e2hil edilir mi?Soru 44: 2022 say\u0131l\u0131 Kanun kapsam\u0131nda verilen ayl\u0131klara ba\u015fvuruda bulunan ki\u015finin hanesine ait farkl\u0131 konutu bulunmas\u0131na ra\u011fmen kira geliri bulunmamaktaysa bu konutta muhta\u00e7l\u0131k hesaplanmas\u0131nda dikkate al\u0131n\u0131r m\u0131?<\/p>\n\n\n\n<p>Soru 45: 2022 say\u0131l\u0131 Kanun kapsam\u0131nda verilen ayl\u0131klara ba\u015fvuruda bulunan ki\u015finin hanesine ait d\u00fckk\u00e2n bulunmaktaysa bu d\u00fckk\u00e2n muhta\u00e7l\u0131k hesaplanmas\u0131nda nas\u0131l dikkate al\u0131n\u0131r?<\/p>\n\n\n\n<p>Soru 46: 2022 say\u0131l\u0131 Kanun kapsam\u0131nda verilen ayl\u0131klara ba\u015fvuruda bulunan ki\u015finin hanesine ait d\u00fckk\u00e2ndan herhangi bir gelir veya kira bulunmuyorsa nas\u0131l bir hesaplama yap\u0131l\u0131r?<\/p>\n\n\n\n<p>Soru 47: 2022 say\u0131l\u0131 Kanun kapsam\u0131nda verilen ayl\u0131klara ba\u015fvuruda bulunan ki\u015finin hanesine ait arazi ve tarlas\u0131 bulunmaktaysa nas\u0131l bir muhta\u00e7l\u0131k hesaplanmas\u0131 dikkate al\u0131n\u0131r?<\/p>\n\n\n\n<p>Soru 48: 2022 say\u0131l\u0131 Kanun kapsam\u0131nda verilen ayl\u0131klara ba\u015fvuruda bulunan ki\u015finin hanesine ait binek arac\u0131 muhta\u00e7l\u0131\u011f\u0131n hesaplanmas\u0131nda nas\u0131l dikkate al\u0131n\u0131r?<\/p>\n\n\n\n<p>Soru 49: 2022 say\u0131l\u0131 Kanun kapsam\u0131nda verilen ayl\u0131klara ba\u015fvuruda bulunan ki\u015finin hanesine ait ticari veya zirai ama\u00e7l\u0131 kullan\u0131lan ara\u00e7lar muhta\u00e7l\u0131k hesaplanmas\u0131na d\u00e2hil edilir mi?<\/p>\n\n\n\n<p>Soru 50: 2022 say\u0131l\u0131 Kanun kapsam\u0131nda verilen ayl\u0131klara ba\u015fvuruda bulunan ki\u015finin hanesine ait b\u00fcy\u00fckba\u015f ve k\u00fc\u00e7\u00fckba\u015f hayvanlar muhta\u00e7l\u0131k hesaplanmas\u0131na d\u00e2hil edilir mi?<\/p>\n\n\n\n<p>Soru 51: 2022 say\u0131l\u0131 Kanun kapsam\u0131nda verilen ayl\u0131klara ba\u015fvuruda bulunan ki\u015finin hanesine ait banka mevduatlar\u0131 i\u00e7in muhta\u00e7l\u0131\u011f\u0131n hesaplanmas\u0131 nas\u0131l dikkate al\u0131n\u0131r?<\/p>\n\n\n\n<p>Soru 52: 2022 say\u0131l\u0131 Kanun kapsam\u0131nda verilen ayl\u0131klara ba\u015fvuruda bulunan ki\u015finin hanesine ait ta\u015f\u0131n\u0131r ta\u015f\u0131nmaz mallar\u0131n rayi\u00e7 bedellerin de\u011ferlendirmesini kim yapmaktad\u0131r?<\/p>\n\n\n\n<p>Soru 53: 2022 say\u0131l\u0131 Kanun kapsam\u0131nda verilen ayl\u0131klara ba\u015fvuruda bulunan ki\u015finin hanesine ait \u015eartl\u0131 Nakit Transferi (\u015eNT) Yard\u0131mlar\u0131 ve burslar muhta\u00e7l\u0131\u011f\u0131n hesaplanmas\u0131nda dikkate al\u0131nmakta m\u0131d\u0131r?<\/p>\n\n\n\n<p>Soru 54: 2022 say\u0131l\u0131 Kanun kapsam\u0131nda verilen ayl\u0131klara ba\u015fvuruda bulunan ki\u015finin hanesine ait burslar ve vak\u0131flardan al\u0131nan nakdi yard\u0131mlar muhta\u00e7l\u0131\u011f\u0131n hesaplanmas\u0131na d\u00e2hil edilmekte midir?<\/p>\n\n\n\n<p>Soru 55: 2022 say\u0131l\u0131 Kanun kapsam\u0131nda verilen ayl\u0131klara ba\u015fvuruda bulunan ki\u015fi ve hane bireylerinin kirac\u0131 olarak oturduklar\u0131 konuta \u00f6dedikleri kira bedeli muhta\u00e7l\u0131\u011f\u0131n hesaplanmas\u0131na d\u00e2hil edilmekte midir?<\/p>\n\n\n\n<p>Soru 56: 2022 say\u0131l\u0131 Kanun kapsam\u0131nda verilen ayl\u0131klara ba\u015fvuruda bulunan ki\u015finin hanesine ait yap\u0131lan harcamalar hanenin muhta\u00e7l\u0131\u011f\u0131 hesaplan\u0131rken hanenin toplam gelir tutar\u0131ndan \u00e7\u0131kar\u0131l\u0131r m\u0131?<\/p>\n\n\n\n<p>Soru 57: M\u00fctevelli Heyeti taraf\u0131ndan kabul edilen 2022 say\u0131l\u0131 Kanun kapsam\u0131nda verilen ayl\u0131klar\u0131n \u00f6demeleri nas\u0131l yap\u0131l\u0131r?<\/p>\n\n\n\n<p>Soru 58: 2022 \u00f6demeleri hangi tarihlerde yap\u0131lmaktad\u0131r?<\/p>\n\n\n\n<p>Soru 59: 2022 say\u0131l\u0131 Kanun kapsam\u0131nda verilen ayl\u0131klardan faydalanan ki\u015finin adres de\u011fi\u015ftirmesinden dolay\u0131 ayl\u0131\u011f\u0131 kesilir mi?<\/p>\n\n\n\n<p>Soru 60: Adres de\u011fi\u015fikli\u011finden dolay\u0131 durdurulan 2022 say\u0131l\u0131 Kanun kapsam\u0131nda verilen ayl\u0131klardan faydalanmak isteyen vatanda\u015f tekrar ba\u015fvuruda bulunmal\u0131 m\u0131d\u0131r?<\/p>\n\n\n\n<p>Soru 61: Adres de\u011fi\u015fikli\u011fi nedeniyle 2022 say\u0131l\u0131 Kanun kapsam\u0131nda verilen ayl\u0131klar\u0131 fesih edilen ve bunun neticesinde tekrardan m\u00fctevelli heyetine yap\u0131lan ba\u015fvuru sonucu tekrar 2022 say\u0131l\u0131 Kanun kapsam\u0131nda verilen ayl\u0131klardan faydalanan ki\u015fi alamad\u0131\u011f\u0131 ayl\u0131klar\u0131 alabilir mi?<\/p>\n\n\n\n<p>Soru 62: Sosyal Yard\u0131mla\u015fma ve Dayan\u0131\u015fma (SYD) Vakf\u0131na bildirilmeyen ikametg\u00e2h de\u011fi\u015fikli\u011fi sonucu vatanda\u015f\u0131n 2022 say\u0131l\u0131 Kanun kapsam\u0131nda verilen ayl\u0131klar\u0131 kesilir mi? CEVAP 62: Kesilmez ancak ge\u00e7ici olarak durdurulur. Yeni ikametg\u00e2h\u0131n\u0131n bulundu\u011fu yerdeki SYD Vakf\u0131na 1 y\u0131l i\u00e7inde ba\u015fvuru yap\u0131lmas\u0131 halinde M\u00fctevelli Heyet taraf\u0131ndan uygun g\u00f6r\u00fclmesi halinde alamad\u0131\u011f\u0131 ayl\u0131klar \u00f6denir.<\/p>\n\n\n\n<p>Soru 63: Adres de\u011fi\u015fikli\u011fi beyan\u0131 yapmad\u0131\u011f\u0131ndan dolay\u0131 2022 say\u0131l\u0131 Kanun kapsam\u0131nda verilen ayl\u0131\u011f\u0131 kesilen vatanda\u015f tekrar bu ayl\u0131ktan yararlanabilir mi?<\/p>\n\n\n\n<p>Soru 64: Ge\u00e7ici durdurma nedeniyle 2022 say\u0131l\u0131 Kanun kapsam\u0131nda verilen ayl\u0131klardan faydalanamayan ki\u015fi tekrar ba\u015fvuruda bulunmazsa 2022 ayl\u0131\u011f\u0131 fesih edilir mi?<\/p>\n\n\n\n<p>Soru 65: Rapor s\u00fcresinin dolmas\u0131ndan dolay\u0131 vatanda\u015f\u0131n 2022 say\u0131l\u0131 Kanun kapsam\u0131nda verilen ayl\u0131\u011f\u0131 fesih edilir mi?<\/p>\n\n\n\n<p>Soru 66: Rapor s\u00fcresi dolmas\u0131na ra\u011fmen yeni raporunu zaman\u0131nda vermeyen vatanda\u015f yeni raporunu Sosyal Yard\u0131mla\u015fma ve Dayan\u0131\u015fma (SYD) Vakf\u0131na teslim edince alamad\u0131\u011f\u0131 ayl\u0131klar\u0131 tekrar alabilir mi?<\/p>\n\n\n\n<p>Soru 67: Merkezi inceleme sonucunda ki\u015finin vefat etti\u011fi tespit edilince 2022 say\u0131l\u0131 Kanun kapsam\u0131nda verilen ayl\u0131klar\u0131 fesih edilir mi?<\/p>\n\n\n\n<p>Soru 68: Ki\u015finin \u00f6lmeden \u00f6nce hak etmi\u015f oldu\u011fu \u00f6demesi varsa varisleri bu \u00f6demeyi alabilir mi?<\/p>\n\n\n\n<p>Soru 69: 2022 say\u0131l\u0131 Kanun kapsam\u0131nda verilen ayl\u0131klar kapsam\u0131nda \u00f6demesi bulunan ancak vefat etti\u011finden dolay\u0131 \u00f6demesini alamayan ki\u015finin varisleri bu \u00f6demeyi alabilmek i\u00e7in hangi i\u015flemleri yapmal\u0131d\u0131rlar?<\/p>\n\n\n\n<p>Soru 70: 2022 say\u0131l\u0131 Kanun kapsam\u0131nda verilen ayl\u0131klardan nas\u0131l feragat edilir?<\/p>\n\n\n\n<p>Soru 71: 2022 say\u0131l\u0131 Kanun kapsam\u0131nda verilen ayl\u0131klar muhta\u00e7 olmama nedeniyle fesih edilebilir mi?<\/p>\n\n\n\n<p>Soru 72: 2022 say\u0131l\u0131 Kanun kapsam\u0131nda verilen ayl\u0131klar\u0131 muhta\u00e7 olmad\u0131\u011f\u0131ndan dolay\u0131 fesih edilen ki\u015finin muhta\u00e7 olmad\u0131\u011f\u0131 Sosyal Yard\u0131mla\u015fma ve Dayan\u0131\u015fma (SYD) Vakf\u0131 taraf\u0131ndan nas\u0131l tespit edilir?<\/p>\n\n\n\n<p>Soru 73: 2022 say\u0131l\u0131 Kanun kapsam\u0131nda ayl\u0131k alan vatanda\u015f\u0131n engel oran\u0131n\u0131n %40&rsquo;\u0131n alt\u0131na d\u00fc\u015fmesi halinde ne gibi i\u015flemler yap\u0131l\u0131r?<\/p>\n\n\n\n<p>Soru 74: Vatanda\u015f\u0131n rapor oran\u0131 %40&rsquo;\u0131n alt\u0131na d\u00fc\u015fmesine ra\u011fmen Sosyal Yard\u0131mla\u015fma ve Dayan\u0131\u015fma (SYD) Vakf\u0131na bu raporu getirmeyen ki\u015filere yersiz \u00f6deme \u00e7\u0131kar m\u0131?<\/p>\n\n\n\n<p>Soru 75: Sosyal G\u00fcvenlik Kurumunda (SGK) kayd\u0131 olan vatanda\u015f\u0131n 2022 say\u0131l\u0131 Kanun kapsam\u0131nda verilen ayl\u0131\u011f\u0131 nas\u0131l fesih edilir?<\/p>\n\n\n\n<p>Soru 76: 18 Ya\u015f\u0131n\u0131 dolduran vatanda\u015f\u0131n 2022 say\u0131l\u0131 Kanun kapsam\u0131nda verilen engelli yak\u0131n\u0131 ayl\u0131\u011f\u0131 nas\u0131l fesih edilir?<\/p>\n\n\n\n<p>Soru 77: Engelli yak\u0131n\u0131 ayl\u0131\u011f\u0131 alan vatanda\u015f 18 ya\u015f\u0131n\u0131 doldurmas\u0131 halinde engelli ayl\u0131\u011f\u0131ndan faydalanabilir mi?<\/p>\n\n\n\n<p>Soru 78: Engelli yak\u0131n\u0131 ayl\u0131\u011f\u0131 alan ancak engelli ile ayn\u0131 hanede ya\u015famayan vatanda\u015flar\u0131n ayl\u0131klar\u0131 kesilir mi?<\/p>\n\n\n\n<p>Soru 79: Engelli yak\u0131n\u0131 ayl\u0131\u011f\u0131 al\u0131nmas\u0131na ra\u011fmen engelli ki\u015fiye bak\u0131lmad\u0131\u011f\u0131 tespit edilirse 2022 say\u0131l\u0131 Kanun kapsam\u0131nda verilen engelli yak\u0131n\u0131 ayl\u0131\u011f\u0131 kesilir mi?<\/p>\n\n\n\n<p>Soru 80: D\u00fczenli bir \u015fekilde \u00f6demesini alamayan vatanda\u015f\u0131n 2022 say\u0131l\u0131 Kanun kapsam\u0131nda verilen ayl\u0131\u011f\u0131 fesih edilir mi?<\/p>\n\n\n\n<p>Soru 81: 2022 say\u0131l\u0131 Kanun kapsam\u0131nda verilen \u00f6demelerini alamad\u0131\u011f\u0131ndan dolay\u0131 kuruma iade edilen ayl\u0131klar\u0131 vatanda\u015flar alabilirler mi?<\/p>\n\n\n\n<p>Soru 82: 2022 say\u0131l\u0131 Kanun kapsam\u0131nda verilen ayl\u0131\u011fa ba\u015fvuruda bulunmak isteyen ki\u015fi istenilen raporu \u00fccretsiz olarak alabilir mi?<\/p>\n\n\n\n<p>Soru 83: Foto\u011fraf olmayan raporlar ge\u00e7ersiz midir?<\/p>\n\n\n\n<p>Soru 84: Farkl\u0131 olarak hangi hallerde rapor kabul edilmez?<\/p>\n\n\n\n<p>Soru 85: 2022 say\u0131l\u0131 Kanun kapsam\u0131nda verilen ayl\u0131klara haciz konulabilir mi?<\/p>\n\n\n\n<p>Soru 86: 2022 say\u0131l\u0131 Kanun kapsam\u0131nda ayl\u0131k alan ki\u015finin \u00f6demek zorunda oldu\u011fu nafaka i\u00e7in ayl\u0131klar\u0131na kesinti konulabilir mi?<\/p>\n\n\n\n<p>Soru 87: 2022 say\u0131l\u0131 Kanun kapsam\u0131nda verilen ayl\u0131ktan feragat eden veya Genel Sa\u011fl\u0131k Sigortas\u0131 (GSS) kapsam\u0131na d\u00e2hil edilen ki\u015finin durumu Sosyal G\u00fcvenlik Kurumuna (SGK) nas\u0131l iletilir?<\/p>\n\n\n\n<p>Soru 88: 2022 say\u0131l\u0131 Kanun kapsam\u0131nda ayl\u0131k alan ki\u015filer Sosyal Yard\u0131mla\u015fma ve Dayan\u0131\u015fma (SYD) Vak\u0131flar\u0131na gelir ve benzeri durumlar\u0131nda de\u011fi\u015fiklik olmas\u0131 halinde bilgilendirme yapmal\u0131 m\u0131d\u0131r?<\/p>\n\n\n\n<p>Soru 89: 18 ya\u015f alt\u0131 engelli yak\u0131n\u0131 ayl\u0131\u011f\u0131ndan faydalanan ki\u015fi \u00e7ocu\u011fu ad\u0131na \u015eartl\u0131 Nakit Transferi (\u015eNT) yard\u0131m\u0131 alabilir mi?<\/p>\n\n\n\n<p>Soru 90: 2022 say\u0131l\u0131 Kanun kapsam\u0131nda engelli ayl\u0131\u011f\u0131 alan ki\u015fi i\u015fe ba\u015flad\u0131\u011f\u0131 andan itibaren hangi i\u015flemleri yapmal\u0131d\u0131r?<\/p>\n\n\n\n<p>Soru 91: Bir i\u015fte \u00e7al\u0131\u015fmas\u0131na ra\u011fmen ayl\u0131ktan faydalanmaya devam eden vatanda\u015flara ne gibi yapt\u0131r\u0131mlar olmaktad\u0131r?<\/p>\n\n\n\n<p>Soru 92: 18 ya\u015f alt\u0131 engelli yak\u0131n\u0131 ayl\u0131\u011f\u0131ndan faydalanmak isteyen ve Sosyal G\u00fcvenlik Kurumuna (SGK) kayd\u0131 bulunan vatanda\u015f \u00e7ocu\u011fu ad\u0131na engelli yak\u0131n\u0131 ayl\u0131\u011f\u0131 alabilir mi?<\/p>\n\n\n\n<p>Soru 93: Kendisine yersiz \u00f6deme \u00e7\u0131kan vatanda\u015f 2022 say\u0131l\u0131 Kanun kapsam\u0131ndaki ayl\u0131klardan tekrar faydalanabilir mi?<\/p>\n\n\n\n<p>Soru 94: Yersiz \u00f6deme \u00e7\u0131kan vatanda\u015f\u0131n kendisine tekrar 2022 say\u0131l\u0131 Kanun kapsam\u0131nda ayl\u0131k ba\u011flanmas\u0131 halinde yersiz \u00f6demeyle ilgili ayl\u0131klardan kesinti yap\u0131labilir mi?<\/p>\n\n\n\n<p>Soru 95: Ayl\u0131k alma \u015fartlar\u0131n\u0131 kaybeden vatanda\u015fa yersiz \u00f6deme \u00e7\u0131kabilir mi?<\/p>\n\n\n\n<p>Soru 96: Ev almak istiyorum 2022 ayl\u0131\u011f\u0131m kesilir mi?<\/p>\n\n\n\n<p>Soru 97: Araba almak istiyorum 2022 ayl\u0131\u011f\u0131m kesilir mi?<\/p>\n\n\n\n<p>65 Ya\u015f ayl\u0131\u011f\u0131 yan\u0131 s\u0131ra bu sorular\u0131n cevaplar\u0131n\u0131n tamam\u0131na\u00a0T\u00fcrkiye Cumhuriyeti Aile, \u00c7al\u0131\u015fma ve Sosyal Hizmetler Bakanl\u0131\u011f\u0131&rsquo;n\u0131n\u00a0<strong>https:\/\/www.ailevecalisma.gov.tr\/tr-tr\/sss\/sosyal-yardimlar-genel-mudurlugu\/2022-ayliklari\/<\/strong>\u00a0linkinden ula\u015fabilirsiniz.<\/p>\n\n\n\n<p><strong>Bilgin Ozcifci \/ AVRUPAPRESS<\/strong><\/p>\n","protected":false},"excerpt":{"rendered":"<p>Emekli maa\u015f\u0131n\u0131n yan\u0131 s\u0131ra Sosyal G\u00fcvenlik Kurulu\u015flar\u0131&rsquo;ndan herhangi bir geliri olmayan ya\u015fl\u0131 vatanda\u015flar\u0131n hayatlar\u0131n\u0131 ge\u00e7indirmesi i\u00e7in devlet destek veriyor. Emekli maa\u015f\u0131 alamayan vatanda\u015flara yap\u0131lan bu \u00f6demelere kimler nas\u0131l ba\u015fvuru yapaca\u011f\u0131 ise yetkililer taraf\u0131ndan a\u00e7\u0131kland\u0131. Yetkililer taraf\u0131ndan yap\u0131lan a\u00e7\u0131klamada emekli maa\u015f\u0131 almaya hak kazanamayan ya da emekli maa\u015f\u0131 gibi herhangi bir geliri olmayan ya\u015fl\u0131 vatanda\u015flara verilen [&hellip;]<\/p>\n","protected":false},"author":3,"featured_media":10571,"comment_status":"closed","ping_status":"open","sticky":false,"template":"","format":"standard","meta":{"footnotes":""},"categories":[14,16,3,17,2],"tags":[],"class_list":["post-10570","post","type-post","status-publish","format-standard","has-post-thumbnail","hentry","category-avrupa","category-belcika","category-dunya","category-ekonomi","category-turkiye"],"yoast_head":"<!-- This site is optimized with the Yoast SEO plugin v26.9 - https:\/\/yoast.com\/product\/yoast-seo-wordpress\/ -->\n<title>T\u00fcrkiye&#039;de Emekli maa\u015f\u0131 alamayan ya\u015fl\u0131lara m\u00fcjde: 672 lira verilecek! - AvrupaPress<\/title>\n<meta name=\"robots\" content=\"index, follow, max-snippet:-1, max-image-preview:large, max-video-preview:-1\" \/>\n<link rel=\"canonical\" href=\"https:\/\/avrupapress.com\/2020\/02\/15\/turkiyede-emekli-maasi-alamayan-yaslilara-mujde-672-lira-verilecek\/\" \/>\n<meta property=\"og:locale\" content=\"fr_FR\" \/>\n<meta property=\"og:type\" content=\"article\" \/>\n<meta property=\"og:title\" content=\"T\u00fcrkiye&#039;de Emekli maa\u015f\u0131 alamayan ya\u015fl\u0131lara m\u00fcjde: 672 lira verilecek! - AvrupaPress\" \/>\n<meta property=\"og:description\" content=\"Emekli maa\u015f\u0131n\u0131n yan\u0131 s\u0131ra Sosyal G\u00fcvenlik Kurulu\u015flar\u0131&rsquo;ndan herhangi bir geliri olmayan ya\u015fl\u0131 vatanda\u015flar\u0131n hayatlar\u0131n\u0131 ge\u00e7indirmesi i\u00e7in devlet destek veriyor. Emekli maa\u015f\u0131 alamayan vatanda\u015flara yap\u0131lan bu \u00f6demelere kimler nas\u0131l ba\u015fvuru yapaca\u011f\u0131 ise yetkililer taraf\u0131ndan a\u00e7\u0131kland\u0131. Yetkililer taraf\u0131ndan yap\u0131lan a\u00e7\u0131klamada emekli maa\u015f\u0131 almaya hak kazanamayan ya da emekli maa\u015f\u0131 gibi herhangi bir geliri olmayan ya\u015fl\u0131 vatanda\u015flara verilen [&hellip;]\" \/>\n<meta property=\"og:url\" content=\"https:\/\/avrupapress.com\/2020\/02\/15\/turkiyede-emekli-maasi-alamayan-yaslilara-mujde-672-lira-verilecek\/\" \/>\n<meta property=\"og:site_name\" content=\"AvrupaPress\" \/>\n<meta property=\"article:published_time\" content=\"2020-02-15T23:24:15+00:00\" \/>\n<meta property=\"article:modified_time\" content=\"2020-02-15T23:24:19+00:00\" \/>\n<meta property=\"og:image\" content=\"https:\/\/avrupapress.com\/wp-content\/uploads\/2020\/02\/emekli-maasi-alamayan-yaslilara-mujde-672-lira-verilecek_e9d6e.png\" \/>\n\t<meta property=\"og:image:width\" content=\"652\" \/>\n\t<meta property=\"og:image:height\" content=\"400\" \/>\n\t<meta property=\"og:image:type\" content=\"image\/png\" \/>\n<meta name=\"author\" content=\"Edit\u00f6r\" \/>\n<meta name=\"twitter:card\" content=\"summary_large_image\" \/>\n<meta name=\"twitter:label1\" content=\"\u00c9crit par\" \/>\n\t<meta name=\"twitter:data1\" content=\"Edit\u00f6r\" \/>\n\t<meta name=\"twitter:label2\" content=\"Dur\u00e9e de lecture est.\" \/>\n\t<meta name=\"twitter:data2\" content=\"13 minutes\" \/>\n<script type=\"application\/ld+json\" class=\"yoast-schema-graph\">{\"@context\":\"https:\/\/schema.org\",\"@graph\":[{\"@type\":\"Article\",\"@id\":\"https:\/\/avrupapress.com\/2020\/02\/15\/turkiyede-emekli-maasi-alamayan-yaslilara-mujde-672-lira-verilecek\/#article\",\"isPartOf\":{\"@id\":\"https:\/\/avrupapress.com\/2020\/02\/15\/turkiyede-emekli-maasi-alamayan-yaslilara-mujde-672-lira-verilecek\/\"},\"author\":{\"name\":\"Edit\u00f6r\",\"@id\":\"https:\/\/avrupapress.com\/#\/schema\/person\/68428444ec60970d1e1b700cf4ca1e8f\"},\"headline\":\"T\u00fcrkiye&rsquo;de Emekli maa\u015f\u0131 alamayan ya\u015fl\u0131lara m\u00fcjde: 672 lira verilecek!\",\"datePublished\":\"2020-02-15T23:24:15+00:00\",\"dateModified\":\"2020-02-15T23:24:19+00:00\",\"mainEntityOfPage\":{\"@id\":\"https:\/\/avrupapress.com\/2020\/02\/15\/turkiyede-emekli-maasi-alamayan-yaslilara-mujde-672-lira-verilecek\/\"},\"wordCount\":2706,\"publisher\":{\"@id\":\"https:\/\/avrupapress.com\/#\/schema\/person\/0223dca19c72c43575bf30d1a2d8f4fa\"},\"image\":{\"@id\":\"https:\/\/avrupapress.com\/2020\/02\/15\/turkiyede-emekli-maasi-alamayan-yaslilara-mujde-672-lira-verilecek\/#primaryimage\"},\"thumbnailUrl\":\"https:\/\/avrupapress.com\/main\/wp-content\/uploads\/2020\/02\/emekli-maasi-alamayan-yaslilara-mujde-672-lira-verilecek_e9d6e.png\",\"articleSection\":[\"Avrupa\",\"Bel\u00e7ika\",\"D\u00fcnya\",\"Ekonomi\",\"T\u00fcrkiye\"],\"inLanguage\":\"fr-BE\"},{\"@type\":\"WebPage\",\"@id\":\"https:\/\/avrupapress.com\/2020\/02\/15\/turkiyede-emekli-maasi-alamayan-yaslilara-mujde-672-lira-verilecek\/\",\"url\":\"https:\/\/avrupapress.com\/2020\/02\/15\/turkiyede-emekli-maasi-alamayan-yaslilara-mujde-672-lira-verilecek\/\",\"name\":\"T\u00fcrkiye'de Emekli maa\u015f\u0131 alamayan ya\u015fl\u0131lara m\u00fcjde: 672 lira verilecek! - AvrupaPress\",\"isPartOf\":{\"@id\":\"https:\/\/avrupapress.com\/#website\"},\"primaryImageOfPage\":{\"@id\":\"https:\/\/avrupapress.com\/2020\/02\/15\/turkiyede-emekli-maasi-alamayan-yaslilara-mujde-672-lira-verilecek\/#primaryimage\"},\"image\":{\"@id\":\"https:\/\/avrupapress.com\/2020\/02\/15\/turkiyede-emekli-maasi-alamayan-yaslilara-mujde-672-lira-verilecek\/#primaryimage\"},\"thumbnailUrl\":\"https:\/\/avrupapress.com\/main\/wp-content\/uploads\/2020\/02\/emekli-maasi-alamayan-yaslilara-mujde-672-lira-verilecek_e9d6e.png\",\"datePublished\":\"2020-02-15T23:24:15+00:00\",\"dateModified\":\"2020-02-15T23:24:19+00:00\",\"breadcrumb\":{\"@id\":\"https:\/\/avrupapress.com\/2020\/02\/15\/turkiyede-emekli-maasi-alamayan-yaslilara-mujde-672-lira-verilecek\/#breadcrumb\"},\"inLanguage\":\"fr-BE\",\"potentialAction\":[{\"@type\":\"ReadAction\",\"target\":[\"https:\/\/avrupapress.com\/2020\/02\/15\/turkiyede-emekli-maasi-alamayan-yaslilara-mujde-672-lira-verilecek\/\"]}]},{\"@type\":\"ImageObject\",\"inLanguage\":\"fr-BE\",\"@id\":\"https:\/\/avrupapress.com\/2020\/02\/15\/turkiyede-emekli-maasi-alamayan-yaslilara-mujde-672-lira-verilecek\/#primaryimage\",\"url\":\"https:\/\/avrupapress.com\/main\/wp-content\/uploads\/2020\/02\/emekli-maasi-alamayan-yaslilara-mujde-672-lira-verilecek_e9d6e.png\",\"contentUrl\":\"https:\/\/avrupapress.com\/main\/wp-content\/uploads\/2020\/02\/emekli-maasi-alamayan-yaslilara-mujde-672-lira-verilecek_e9d6e.png\",\"width\":652,\"height\":400},{\"@type\":\"BreadcrumbList\",\"@id\":\"https:\/\/avrupapress.com\/2020\/02\/15\/turkiyede-emekli-maasi-alamayan-yaslilara-mujde-672-lira-verilecek\/#breadcrumb\",\"itemListElement\":[{\"@type\":\"ListItem\",\"position\":1,\"name\":\"Anasayfa\",\"item\":\"https:\/\/avrupapress.com\/\"},{\"@type\":\"ListItem\",\"position\":2,\"name\":\"T\u00fcrkiye&#8217;de Emekli maa\u015f\u0131 alamayan ya\u015fl\u0131lara m\u00fcjde: 672 lira verilecek!\"}]},{\"@type\":\"WebSite\",\"@id\":\"https:\/\/avrupapress.com\/#website\",\"url\":\"https:\/\/avrupapress.com\/\",\"name\":\"AvrupaPress\",\"description\":\"Haberin Adresi\",\"publisher\":{\"@id\":\"https:\/\/avrupapress.com\/#\/schema\/person\/0223dca19c72c43575bf30d1a2d8f4fa\"},\"potentialAction\":[{\"@type\":\"SearchAction\",\"target\":{\"@type\":\"EntryPoint\",\"urlTemplate\":\"https:\/\/avrupapress.com\/?s={search_term_string}\"},\"query-input\":{\"@type\":\"PropertyValueSpecification\",\"valueRequired\":true,\"valueName\":\"search_term_string\"}}],\"inLanguage\":\"fr-BE\"},{\"@type\":[\"Person\",\"Organization\"],\"@id\":\"https:\/\/avrupapress.com\/#\/schema\/person\/0223dca19c72c43575bf30d1a2d8f4fa\",\"name\":\"Bilgin \u00d6z\u00e7ift\u00e7i\",\"image\":{\"@type\":\"ImageObject\",\"inLanguage\":\"fr-BE\",\"@id\":\"https:\/\/avrupapress.com\/#\/schema\/person\/image\/\",\"url\":\"https:\/\/secure.gravatar.com\/avatar\/0f23b280433a21e1ea7a0adcc46ed0ad16afe3ad8e630fd13d8a017dcbd54ef3?s=96&d=mm&r=g\",\"contentUrl\":\"https:\/\/secure.gravatar.com\/avatar\/0f23b280433a21e1ea7a0adcc46ed0ad16afe3ad8e630fd13d8a017dcbd54ef3?s=96&d=mm&r=g\",\"caption\":\"Bilgin \u00d6z\u00e7ift\u00e7i\"},\"logo\":{\"@id\":\"https:\/\/avrupapress.com\/#\/schema\/person\/image\/\"},\"description\":\"Ne ben, nede sen... Biz ancak \\\"biz\\\" olursak g\u00fc\u00e7l\u00fc olabiliriz\"},{\"@type\":\"Person\",\"@id\":\"https:\/\/avrupapress.com\/#\/schema\/person\/68428444ec60970d1e1b700cf4ca1e8f\",\"name\":\"Edit\u00f6r\",\"image\":{\"@type\":\"ImageObject\",\"inLanguage\":\"fr-BE\",\"@id\":\"https:\/\/avrupapress.com\/#\/schema\/person\/image\/\",\"url\":\"https:\/\/secure.gravatar.com\/avatar\/74996b0977aa5f1559ba9883776652508b229005c0d78fb2597897f0bd651c09?s=96&d=mm&r=g\",\"contentUrl\":\"https:\/\/secure.gravatar.com\/avatar\/74996b0977aa5f1559ba9883776652508b229005c0d78fb2597897f0bd651c09?s=96&d=mm&r=g\",\"caption\":\"Edit\u00f6r\"},\"sameAs\":[\"http:\/\/www.avrupapress.com\"],\"url\":\"https:\/\/avrupapress.com\/main\/author\/editor\/\"}]}<\/script>\n<!-- \/ Yoast SEO plugin. -->","yoast_head_json":{"title":"T\u00fcrkiye'de Emekli maa\u015f\u0131 alamayan ya\u015fl\u0131lara m\u00fcjde: 672 lira verilecek! - AvrupaPress","robots":{"index":"index","follow":"follow","max-snippet":"max-snippet:-1","max-image-preview":"max-image-preview:large","max-video-preview":"max-video-preview:-1"},"canonical":"https:\/\/avrupapress.com\/2020\/02\/15\/turkiyede-emekli-maasi-alamayan-yaslilara-mujde-672-lira-verilecek\/","og_locale":"fr_FR","og_type":"article","og_title":"T\u00fcrkiye'de Emekli maa\u015f\u0131 alamayan ya\u015fl\u0131lara m\u00fcjde: 672 lira verilecek! - AvrupaPress","og_description":"Emekli maa\u015f\u0131n\u0131n yan\u0131 s\u0131ra Sosyal G\u00fcvenlik Kurulu\u015flar\u0131&rsquo;ndan herhangi bir geliri olmayan ya\u015fl\u0131 vatanda\u015flar\u0131n hayatlar\u0131n\u0131 ge\u00e7indirmesi i\u00e7in devlet destek veriyor. Emekli maa\u015f\u0131 alamayan vatanda\u015flara yap\u0131lan bu \u00f6demelere kimler nas\u0131l ba\u015fvuru yapaca\u011f\u0131 ise yetkililer taraf\u0131ndan a\u00e7\u0131kland\u0131. Yetkililer taraf\u0131ndan yap\u0131lan a\u00e7\u0131klamada emekli maa\u015f\u0131 almaya hak kazanamayan ya da emekli maa\u015f\u0131 gibi herhangi bir geliri olmayan ya\u015fl\u0131 vatanda\u015flara verilen [&hellip;]","og_url":"https:\/\/avrupapress.com\/2020\/02\/15\/turkiyede-emekli-maasi-alamayan-yaslilara-mujde-672-lira-verilecek\/","og_site_name":"AvrupaPress","article_published_time":"2020-02-15T23:24:15+00:00","article_modified_time":"2020-02-15T23:24:19+00:00","og_image":[{"width":652,"height":400,"url":"https:\/\/avrupapress.com\/wp-content\/uploads\/2020\/02\/emekli-maasi-alamayan-yaslilara-mujde-672-lira-verilecek_e9d6e.png","type":"image\/png"}],"author":"Edit\u00f6r","twitter_card":"summary_large_image","twitter_misc":{"\u00c9crit par":"Edit\u00f6r","Dur\u00e9e de lecture est.":"13 minutes"},"schema":{"@context":"https:\/\/schema.org","@graph":[{"@type":"Article","@id":"https:\/\/avrupapress.com\/2020\/02\/15\/turkiyede-emekli-maasi-alamayan-yaslilara-mujde-672-lira-verilecek\/#article","isPartOf":{"@id":"https:\/\/avrupapress.com\/2020\/02\/15\/turkiyede-emekli-maasi-alamayan-yaslilara-mujde-672-lira-verilecek\/"},"author":{"name":"Edit\u00f6r","@id":"https:\/\/avrupapress.com\/#\/schema\/person\/68428444ec60970d1e1b700cf4ca1e8f"},"headline":"T\u00fcrkiye&rsquo;de Emekli maa\u015f\u0131 alamayan ya\u015fl\u0131lara m\u00fcjde: 672 lira verilecek!","datePublished":"2020-02-15T23:24:15+00:00","dateModified":"2020-02-15T23:24:19+00:00","mainEntityOfPage":{"@id":"https:\/\/avrupapress.com\/2020\/02\/15\/turkiyede-emekli-maasi-alamayan-yaslilara-mujde-672-lira-verilecek\/"},"wordCount":2706,"publisher":{"@id":"https:\/\/avrupapress.com\/#\/schema\/person\/0223dca19c72c43575bf30d1a2d8f4fa"},"image":{"@id":"https:\/\/avrupapress.com\/2020\/02\/15\/turkiyede-emekli-maasi-alamayan-yaslilara-mujde-672-lira-verilecek\/#primaryimage"},"thumbnailUrl":"https:\/\/avrupapress.com\/main\/wp-content\/uploads\/2020\/02\/emekli-maasi-alamayan-yaslilara-mujde-672-lira-verilecek_e9d6e.png","articleSection":["Avrupa","Bel\u00e7ika","D\u00fcnya","Ekonomi","T\u00fcrkiye"],"inLanguage":"fr-BE"},{"@type":"WebPage","@id":"https:\/\/avrupapress.com\/2020\/02\/15\/turkiyede-emekli-maasi-alamayan-yaslilara-mujde-672-lira-verilecek\/","url":"https:\/\/avrupapress.com\/2020\/02\/15\/turkiyede-emekli-maasi-alamayan-yaslilara-mujde-672-lira-verilecek\/","name":"T\u00fcrkiye'de Emekli maa\u015f\u0131 alamayan ya\u015fl\u0131lara m\u00fcjde: 672 lira verilecek! - AvrupaPress","isPartOf":{"@id":"https:\/\/avrupapress.com\/#website"},"primaryImageOfPage":{"@id":"https:\/\/avrupapress.com\/2020\/02\/15\/turkiyede-emekli-maasi-alamayan-yaslilara-mujde-672-lira-verilecek\/#primaryimage"},"image":{"@id":"https:\/\/avrupapress.com\/2020\/02\/15\/turkiyede-emekli-maasi-alamayan-yaslilara-mujde-672-lira-verilecek\/#primaryimage"},"thumbnailUrl":"https:\/\/avrupapress.com\/main\/wp-content\/uploads\/2020\/02\/emekli-maasi-alamayan-yaslilara-mujde-672-lira-verilecek_e9d6e.png","datePublished":"2020-02-15T23:24:15+00:00","dateModified":"2020-02-15T23:24:19+00:00","breadcrumb":{"@id":"https:\/\/avrupapress.com\/2020\/02\/15\/turkiyede-emekli-maasi-alamayan-yaslilara-mujde-672-lira-verilecek\/#breadcrumb"},"inLanguage":"fr-BE","potentialAction":[{"@type":"ReadAction","target":["https:\/\/avrupapress.com\/2020\/02\/15\/turkiyede-emekli-maasi-alamayan-yaslilara-mujde-672-lira-verilecek\/"]}]},{"@type":"ImageObject","inLanguage":"fr-BE","@id":"https:\/\/avrupapress.com\/2020\/02\/15\/turkiyede-emekli-maasi-alamayan-yaslilara-mujde-672-lira-verilecek\/#primaryimage","url":"https:\/\/avrupapress.com\/main\/wp-content\/uploads\/2020\/02\/emekli-maasi-alamayan-yaslilara-mujde-672-lira-verilecek_e9d6e.png","contentUrl":"https:\/\/avrupapress.com\/main\/wp-content\/uploads\/2020\/02\/emekli-maasi-alamayan-yaslilara-mujde-672-lira-verilecek_e9d6e.png","width":652,"height":400},{"@type":"BreadcrumbList","@id":"https:\/\/avrupapress.com\/2020\/02\/15\/turkiyede-emekli-maasi-alamayan-yaslilara-mujde-672-lira-verilecek\/#breadcrumb","itemListElement":[{"@type":"ListItem","position":1,"name":"Anasayfa","item":"https:\/\/avrupapress.com\/"},{"@type":"ListItem","position":2,"name":"T\u00fcrkiye&#8217;de Emekli maa\u015f\u0131 alamayan ya\u015fl\u0131lara m\u00fcjde: 672 lira verilecek!"}]},{"@type":"WebSite","@id":"https:\/\/avrupapress.com\/#website","url":"https:\/\/avrupapress.com\/","name":"AvrupaPress","description":"Haberin Adresi","publisher":{"@id":"https:\/\/avrupapress.com\/#\/schema\/person\/0223dca19c72c43575bf30d1a2d8f4fa"},"potentialAction":[{"@type":"SearchAction","target":{"@type":"EntryPoint","urlTemplate":"https:\/\/avrupapress.com\/?s={search_term_string}"},"query-input":{"@type":"PropertyValueSpecification","valueRequired":true,"valueName":"search_term_string"}}],"inLanguage":"fr-BE"},{"@type":["Person","Organization"],"@id":"https:\/\/avrupapress.com\/#\/schema\/person\/0223dca19c72c43575bf30d1a2d8f4fa","name":"Bilgin \u00d6z\u00e7ift\u00e7i","image":{"@type":"ImageObject","inLanguage":"fr-BE","@id":"https:\/\/avrupapress.com\/#\/schema\/person\/image\/","url":"https:\/\/secure.gravatar.com\/avatar\/0f23b280433a21e1ea7a0adcc46ed0ad16afe3ad8e630fd13d8a017dcbd54ef3?s=96&d=mm&r=g","contentUrl":"https:\/\/secure.gravatar.com\/avatar\/0f23b280433a21e1ea7a0adcc46ed0ad16afe3ad8e630fd13d8a017dcbd54ef3?s=96&d=mm&r=g","caption":"Bilgin \u00d6z\u00e7ift\u00e7i"},"logo":{"@id":"https:\/\/avrupapress.com\/#\/schema\/person\/image\/"},"description":"Ne ben, nede sen... Biz ancak \"biz\" olursak g\u00fc\u00e7l\u00fc olabiliriz"},{"@type":"Person","@id":"https:\/\/avrupapress.com\/#\/schema\/person\/68428444ec60970d1e1b700cf4ca1e8f","name":"Edit\u00f6r","image":{"@type":"ImageObject","inLanguage":"fr-BE","@id":"https:\/\/avrupapress.com\/#\/schema\/person\/image\/","url":"https:\/\/secure.gravatar.com\/avatar\/74996b0977aa5f1559ba9883776652508b229005c0d78fb2597897f0bd651c09?s=96&d=mm&r=g","contentUrl":"https:\/\/secure.gravatar.com\/avatar\/74996b0977aa5f1559ba9883776652508b229005c0d78fb2597897f0bd651c09?s=96&d=mm&r=g","caption":"Edit\u00f6r"},"sameAs":["http:\/\/www.avrupapress.com"],"url":"https:\/\/avrupapress.com\/main\/author\/editor\/"}]}},"_links":{"self":[{"href":"https:\/\/avrupapress.com\/main\/wp-json\/wp\/v2\/posts\/10570","targetHints":{"allow":["GET"]}}],"collection":[{"href":"https:\/\/avrupapress.com\/main\/wp-json\/wp\/v2\/posts"}],"about":[{"href":"https:\/\/avrupapress.com\/main\/wp-json\/wp\/v2\/types\/post"}],"author":[{"embeddable":true,"href":"https:\/\/avrupapress.com\/main\/wp-json\/wp\/v2\/users\/3"}],"replies":[{"embeddable":true,"href":"https:\/\/avrupapress.com\/main\/wp-json\/wp\/v2\/comments?post=10570"}],"version-history":[{"count":1,"href":"https:\/\/avrupapress.com\/main\/wp-json\/wp\/v2\/posts\/10570\/revisions"}],"predecessor-version":[{"id":10572,"href":"https:\/\/avrupapress.com\/main\/wp-json\/wp\/v2\/posts\/10570\/revisions\/10572"}],"wp:featuredmedia":[{"embeddable":true,"href":"https:\/\/avrupapress.com\/main\/wp-json\/wp\/v2\/media\/10571"}],"wp:attachment":[{"href":"https:\/\/avrupapress.com\/main\/wp-json\/wp\/v2\/media?parent=10570"}],"wp:term":[{"taxonomy":"category","embeddable":true,"href":"https:\/\/avrupapress.com\/main\/wp-json\/wp\/v2\/categories?post=10570"},{"taxonomy":"post_tag","embeddable":true,"href":"https:\/\/avrupapress.com\/main\/wp-json\/wp\/v2\/tags?post=10570"}],"curies":[{"name":"wp","href":"https:\/\/api.w.org\/{rel}","templated":true}]}}