{"id":10566,"date":"2020-02-15T23:05:59","date_gmt":"2020-02-15T23:05:59","guid":{"rendered":"http:\/\/avrupapress.com\/main\/?p=10566"},"modified":"2020-02-15T23:07:59","modified_gmt":"2020-02-15T23:07:59","slug":"karantinadaki-sekiz-belcikali-pazar-gunu-eve-donebilir-sekiz-belcikalinin-karantina-suresi-sona-erdi","status":"publish","type":"post","link":"https:\/\/avrupapress.com\/main\/2020\/02\/15\/karantinadaki-sekiz-belcikali-pazar-gunu-eve-donebilir-sekiz-belcikalinin-karantina-suresi-sona-erdi\/","title":{"rendered":"Karantinadaki sekiz Bel\u00e7ikal\u0131 Pazar g\u00fcn\u00fc eve d\u00f6nebilir\/ sekiz Bel\u00e7ikal\u0131n\u0131n karantina s\u00fcresi sona erdi"},"content":{"rendered":"\n<p>\u00c7in&rsquo;den geri getirilen ve karantinaya al\u0131nan sekiz\nBel\u00e7ikal\u0131,negatif sonu\u00e7 veren bir ka\u00e7 testten sonra pazar g\u00fcn\u00fc evlerine\nd\u00f6nebilirler. \u015eubat ay\u0131n\u0131n ba\u015f\u0131ndan bu yana, toplam on bir Bel\u00e7ikal\u0131 \u00fclkesine\ngeri g\u00f6nderildi ve karantinaya al\u0131nd\u0131. Di\u011fer \u00fc\u00e7\u00fcn\u00fcn de durumlar\u0131 iyi. Federal\nKamu Hizmeti Halk Sa\u011fl\u0131\u011f\u0131 s\u00f6zc\u00fcs\u00fc Jan Eyckmans sa\u011fl\u0131kl\u0131 olduklar\u0131ndan y\u00fcz de\ny\u00fcz emin olduklar\u0131n\u0131 s\u00f6yledi.<\/p>\n\n\n\n<p>Vir\u00fcs bula\u015fm\u0131\u015f olan dokuzuncu Bel\u00e7ikal\u0131n\u0131n ise hala\nBr\u00fcksel&rsquo;deki Saint Peter Hastanesinde s\u0131k\u0131 karantina alt\u0131nda kalmas\u0131 gerekiyor.\nVir\u00fcs v\u00fccudundan tamamen kaybolas\u0131ya kadar karantinada tutulmak zorunda.\n\u00ab\u00a0\u00c7in&rsquo;de vir\u00fcs\u00fcn kendi ba\u015f\u0131na \u00f6ld\u00fc\u011f\u00fc bir\u00e7ok vaka var. Burada da ayn\u0131\nolaca\u011f\u0131n\u0131 d\u00fc\u015f\u00fcn\u00fcyoruz \u00ab\u00a0diye a\u00e7\u0131kl\u0131yor Eyckman.<\/p>\n\n\n\n<p>Philip Soubry&rsquo;nin (54) karantinada ne kadar kalaca\u011f\u0131 hen\u00fcz\nbelli de\u011fil, ancak s\u00f6zc\u00fcye g\u00f6re, Bat\u0131 flaman b\u00f6lgesinden olan Bel\u00e7ikal\u0131herhangi\nbir hastal\u0131k belirtisi g\u00f6stermiyor. Kendisini iyi hissetmesi i\u00e7in imkanlar\nsa\u011flan\u0131yor,\u00f6rne\u011fin, wifi kurarak ve e\u015fyalar\u0131n\u0131 getirerek hayat\u0131 m\u00fcmk\u00fcn\noldu\u011funca rahat hale getirilmeye \u00e7al\u0131\u015f\u0131l\u0131yor.<\/p>\n\n\n\n<p>Ge\u00e7en Pazar geri g\u00f6nderilen son iki Bel\u00e7ikal\u0131n\u0131n da vir\u00fcs i\u00e7in testleri negatif \u00e7\u0131kt\u0131. Emin olmak i\u00e7in,\u00a0 birbirinden ayr\u0131 olarak on d\u00f6rt g\u00fcn karantinada tutulacaklar.<\/p>\n\n\n\n<p>\u201cKulu\u00e7ka s\u00fcresi s\u00fcrekli dalgalan\u0131yor. \u015eimdi on d\u00f6rt g\u00fcn oldu\u011fu s\u00f6ylenir, ancak ortalama olarak iki ila be\u015f g\u00fcn aras\u0131nda olacakt\u0131r. \u0130ki hafta sonra sa\u011fl\u0131kl\u0131 olduklar\u0131ndan eminiz \u201ddiyor s\u00f6zc\u00fcs\u00fc.  Eyckmans, \u015fimdi \u00f6nceli\u011fin ba\u015fka vakalar\u0131n olup olmad\u0131\u011f\u0131n\u0131 g\u00f6rmek oldu\u011funu s\u00f6yledi. <\/p>\n\n\n\n<p><strong>Oznur Barlas \/ AVRUPAPRESS<\/strong><\/p>\n","protected":false},"excerpt":{"rendered":"<p>\u00c7in&rsquo;den geri getirilen ve karantinaya al\u0131nan sekiz Bel\u00e7ikal\u0131,negatif sonu\u00e7 veren bir ka\u00e7 testten sonra pazar g\u00fcn\u00fc evlerine d\u00f6nebilirler. \u015eubat ay\u0131n\u0131n ba\u015f\u0131ndan bu yana, toplam on bir Bel\u00e7ikal\u0131 \u00fclkesine geri g\u00f6nderildi ve karantinaya al\u0131nd\u0131. Di\u011fer \u00fc\u00e7\u00fcn\u00fcn de durumlar\u0131 iyi. Federal Kamu Hizmeti Halk Sa\u011fl\u0131\u011f\u0131 s\u00f6zc\u00fcs\u00fc Jan Eyckmans sa\u011fl\u0131kl\u0131 olduklar\u0131ndan y\u00fcz de y\u00fcz emin olduklar\u0131n\u0131 s\u00f6yledi. Vir\u00fcs [&hellip;]<\/p>\n","protected":false},"author":3,"featured_media":10567,"comment_status":"closed","ping_status":"open","sticky":false,"template":"","format":"standard","meta":{"footnotes":""},"categories":[14,16,3],"tags":[5068],"class_list":["post-10566","post","type-post","status-publish","format-standard","has-post-thumbnail","hentry","category-avrupa","category-belcika","category-dunya","tag-karantinadaki-sekiz-belcikali-pazar-gunu-eve-donebilir-sekiz-belcikalinin-karantina-suresi-sona-erdi"],"yoast_head":"<!-- This site is optimized with the Yoast SEO plugin v26.9 - https:\/\/yoast.com\/product\/yoast-seo-wordpress\/ -->\n<title>Karantinadaki sekiz Bel\u00e7ikal\u0131 Pazar g\u00fcn\u00fc eve d\u00f6nebilir\/ sekiz Bel\u00e7ikal\u0131n\u0131n karantina s\u00fcresi sona erdi - AvrupaPress<\/title>\n<meta name=\"robots\" content=\"index, follow, max-snippet:-1, max-image-preview:large, max-video-preview:-1\" \/>\n<link rel=\"canonical\" href=\"https:\/\/avrupapress.com\/2020\/02\/15\/karantinadaki-sekiz-belcikali-pazar-gunu-eve-donebilir-sekiz-belcikalinin-karantina-suresi-sona-erdi\/\" \/>\n<meta property=\"og:locale\" content=\"fr_FR\" \/>\n<meta property=\"og:type\" content=\"article\" \/>\n<meta property=\"og:title\" content=\"Karantinadaki sekiz Bel\u00e7ikal\u0131 Pazar g\u00fcn\u00fc eve d\u00f6nebilir\/ sekiz Bel\u00e7ikal\u0131n\u0131n karantina s\u00fcresi sona erdi - AvrupaPress\" \/>\n<meta property=\"og:description\" content=\"\u00c7in&rsquo;den geri getirilen ve karantinaya al\u0131nan sekiz Bel\u00e7ikal\u0131,negatif sonu\u00e7 veren bir ka\u00e7 testten sonra pazar g\u00fcn\u00fc evlerine d\u00f6nebilirler. \u015eubat ay\u0131n\u0131n ba\u015f\u0131ndan bu yana, toplam on bir Bel\u00e7ikal\u0131 \u00fclkesine geri g\u00f6nderildi ve karantinaya al\u0131nd\u0131. Di\u011fer \u00fc\u00e7\u00fcn\u00fcn de durumlar\u0131 iyi. Federal Kamu Hizmeti Halk Sa\u011fl\u0131\u011f\u0131 s\u00f6zc\u00fcs\u00fc Jan Eyckmans sa\u011fl\u0131kl\u0131 olduklar\u0131ndan y\u00fcz de y\u00fcz emin olduklar\u0131n\u0131 s\u00f6yledi. Vir\u00fcs [&hellip;]\" \/>\n<meta property=\"og:url\" content=\"https:\/\/avrupapress.com\/2020\/02\/15\/karantinadaki-sekiz-belcikali-pazar-gunu-eve-donebilir-sekiz-belcikalinin-karantina-suresi-sona-erdi\/\" \/>\n<meta property=\"og:site_name\" content=\"AvrupaPress\" \/>\n<meta property=\"article:published_time\" content=\"2020-02-15T23:05:59+00:00\" \/>\n<meta property=\"article:modified_time\" content=\"2020-02-15T23:07:59+00:00\" \/>\n<meta property=\"og:image\" content=\"https:\/\/avrupapress.com\/wp-content\/uploads\/2020\/02\/1581571182-d5321b.jpg\" \/>\n\t<meta property=\"og:image:width\" content=\"1100\" \/>\n\t<meta property=\"og:image:height\" content=\"774\" \/>\n\t<meta property=\"og:image:type\" content=\"image\/jpeg\" \/>\n<meta name=\"author\" content=\"Edit\u00f6r\" \/>\n<meta name=\"twitter:card\" content=\"summary_large_image\" \/>\n<meta name=\"twitter:label1\" content=\"\u00c9crit par\" \/>\n\t<meta name=\"twitter:data1\" content=\"Edit\u00f6r\" \/>\n\t<meta name=\"twitter:label2\" content=\"Dur\u00e9e de lecture est.\" \/>\n\t<meta name=\"twitter:data2\" content=\"1 minute\" \/>\n<script type=\"application\/ld+json\" class=\"yoast-schema-graph\">{\"@context\":\"https:\/\/schema.org\",\"@graph\":[{\"@type\":\"Article\",\"@id\":\"https:\/\/avrupapress.com\/2020\/02\/15\/karantinadaki-sekiz-belcikali-pazar-gunu-eve-donebilir-sekiz-belcikalinin-karantina-suresi-sona-erdi\/#article\",\"isPartOf\":{\"@id\":\"https:\/\/avrupapress.com\/2020\/02\/15\/karantinadaki-sekiz-belcikali-pazar-gunu-eve-donebilir-sekiz-belcikalinin-karantina-suresi-sona-erdi\/\"},\"author\":{\"name\":\"Edit\u00f6r\",\"@id\":\"https:\/\/avrupapress.com\/#\/schema\/person\/68428444ec60970d1e1b700cf4ca1e8f\"},\"headline\":\"Karantinadaki sekiz Bel\u00e7ikal\u0131 Pazar g\u00fcn\u00fc eve d\u00f6nebilir\/ sekiz Bel\u00e7ikal\u0131n\u0131n karantina s\u00fcresi sona erdi\",\"datePublished\":\"2020-02-15T23:05:59+00:00\",\"dateModified\":\"2020-02-15T23:07:59+00:00\",\"mainEntityOfPage\":{\"@id\":\"https:\/\/avrupapress.com\/2020\/02\/15\/karantinadaki-sekiz-belcikali-pazar-gunu-eve-donebilir-sekiz-belcikalinin-karantina-suresi-sona-erdi\/\"},\"wordCount\":315,\"publisher\":{\"@id\":\"https:\/\/avrupapress.com\/#\/schema\/person\/0223dca19c72c43575bf30d1a2d8f4fa\"},\"image\":{\"@id\":\"https:\/\/avrupapress.com\/2020\/02\/15\/karantinadaki-sekiz-belcikali-pazar-gunu-eve-donebilir-sekiz-belcikalinin-karantina-suresi-sona-erdi\/#primaryimage\"},\"thumbnailUrl\":\"https:\/\/avrupapress.com\/main\/wp-content\/uploads\/2020\/02\/1581571182-d5321b.jpg\",\"keywords\":[\"Karantinadaki sekiz Bel\u00e7ikal\u0131 Pazar g\u00fcn\u00fc eve d\u00f6nebilir\/ sekiz Bel\u00e7ikal\u0131n\u0131n karantina s\u00fcresi sona erdi\"],\"articleSection\":[\"Avrupa\",\"Bel\u00e7ika\",\"D\u00fcnya\"],\"inLanguage\":\"fr-BE\"},{\"@type\":\"WebPage\",\"@id\":\"https:\/\/avrupapress.com\/2020\/02\/15\/karantinadaki-sekiz-belcikali-pazar-gunu-eve-donebilir-sekiz-belcikalinin-karantina-suresi-sona-erdi\/\",\"url\":\"https:\/\/avrupapress.com\/2020\/02\/15\/karantinadaki-sekiz-belcikali-pazar-gunu-eve-donebilir-sekiz-belcikalinin-karantina-suresi-sona-erdi\/\",\"name\":\"Karantinadaki sekiz Bel\u00e7ikal\u0131 Pazar g\u00fcn\u00fc eve d\u00f6nebilir\/ sekiz Bel\u00e7ikal\u0131n\u0131n karantina s\u00fcresi sona erdi - AvrupaPress\",\"isPartOf\":{\"@id\":\"https:\/\/avrupapress.com\/#website\"},\"primaryImageOfPage\":{\"@id\":\"https:\/\/avrupapress.com\/2020\/02\/15\/karantinadaki-sekiz-belcikali-pazar-gunu-eve-donebilir-sekiz-belcikalinin-karantina-suresi-sona-erdi\/#primaryimage\"},\"image\":{\"@id\":\"https:\/\/avrupapress.com\/2020\/02\/15\/karantinadaki-sekiz-belcikali-pazar-gunu-eve-donebilir-sekiz-belcikalinin-karantina-suresi-sona-erdi\/#primaryimage\"},\"thumbnailUrl\":\"https:\/\/avrupapress.com\/main\/wp-content\/uploads\/2020\/02\/1581571182-d5321b.jpg\",\"datePublished\":\"2020-02-15T23:05:59+00:00\",\"dateModified\":\"2020-02-15T23:07:59+00:00\",\"breadcrumb\":{\"@id\":\"https:\/\/avrupapress.com\/2020\/02\/15\/karantinadaki-sekiz-belcikali-pazar-gunu-eve-donebilir-sekiz-belcikalinin-karantina-suresi-sona-erdi\/#breadcrumb\"},\"inLanguage\":\"fr-BE\",\"potentialAction\":[{\"@type\":\"ReadAction\",\"target\":[\"https:\/\/avrupapress.com\/2020\/02\/15\/karantinadaki-sekiz-belcikali-pazar-gunu-eve-donebilir-sekiz-belcikalinin-karantina-suresi-sona-erdi\/\"]}]},{\"@type\":\"ImageObject\",\"inLanguage\":\"fr-BE\",\"@id\":\"https:\/\/avrupapress.com\/2020\/02\/15\/karantinadaki-sekiz-belcikali-pazar-gunu-eve-donebilir-sekiz-belcikalinin-karantina-suresi-sona-erdi\/#primaryimage\",\"url\":\"https:\/\/avrupapress.com\/main\/wp-content\/uploads\/2020\/02\/1581571182-d5321b.jpg\",\"contentUrl\":\"https:\/\/avrupapress.com\/main\/wp-content\/uploads\/2020\/02\/1581571182-d5321b.jpg\",\"width\":1100,\"height\":774},{\"@type\":\"BreadcrumbList\",\"@id\":\"https:\/\/avrupapress.com\/2020\/02\/15\/karantinadaki-sekiz-belcikali-pazar-gunu-eve-donebilir-sekiz-belcikalinin-karantina-suresi-sona-erdi\/#breadcrumb\",\"itemListElement\":[{\"@type\":\"ListItem\",\"position\":1,\"name\":\"Anasayfa\",\"item\":\"https:\/\/avrupapress.com\/\"},{\"@type\":\"ListItem\",\"position\":2,\"name\":\"Karantinadaki sekiz Bel\u00e7ikal\u0131 Pazar g\u00fcn\u00fc eve d\u00f6nebilir\/ sekiz Bel\u00e7ikal\u0131n\u0131n karantina s\u00fcresi sona erdi\"}]},{\"@type\":\"WebSite\",\"@id\":\"https:\/\/avrupapress.com\/#website\",\"url\":\"https:\/\/avrupapress.com\/\",\"name\":\"AvrupaPress\",\"description\":\"Haberin Adresi\",\"publisher\":{\"@id\":\"https:\/\/avrupapress.com\/#\/schema\/person\/0223dca19c72c43575bf30d1a2d8f4fa\"},\"potentialAction\":[{\"@type\":\"SearchAction\",\"target\":{\"@type\":\"EntryPoint\",\"urlTemplate\":\"https:\/\/avrupapress.com\/?s={search_term_string}\"},\"query-input\":{\"@type\":\"PropertyValueSpecification\",\"valueRequired\":true,\"valueName\":\"search_term_string\"}}],\"inLanguage\":\"fr-BE\"},{\"@type\":[\"Person\",\"Organization\"],\"@id\":\"https:\/\/avrupapress.com\/#\/schema\/person\/0223dca19c72c43575bf30d1a2d8f4fa\",\"name\":\"Bilgin \u00d6z\u00e7ift\u00e7i\",\"image\":{\"@type\":\"ImageObject\",\"inLanguage\":\"fr-BE\",\"@id\":\"https:\/\/avrupapress.com\/#\/schema\/person\/image\/\",\"url\":\"https:\/\/secure.gravatar.com\/avatar\/0f23b280433a21e1ea7a0adcc46ed0ad16afe3ad8e630fd13d8a017dcbd54ef3?s=96&d=mm&r=g\",\"contentUrl\":\"https:\/\/secure.gravatar.com\/avatar\/0f23b280433a21e1ea7a0adcc46ed0ad16afe3ad8e630fd13d8a017dcbd54ef3?s=96&d=mm&r=g\",\"caption\":\"Bilgin \u00d6z\u00e7ift\u00e7i\"},\"logo\":{\"@id\":\"https:\/\/avrupapress.com\/#\/schema\/person\/image\/\"},\"description\":\"Ne ben, nede sen... Biz ancak \\\"biz\\\" olursak g\u00fc\u00e7l\u00fc olabiliriz\"},{\"@type\":\"Person\",\"@id\":\"https:\/\/avrupapress.com\/#\/schema\/person\/68428444ec60970d1e1b700cf4ca1e8f\",\"name\":\"Edit\u00f6r\",\"image\":{\"@type\":\"ImageObject\",\"inLanguage\":\"fr-BE\",\"@id\":\"https:\/\/avrupapress.com\/#\/schema\/person\/image\/\",\"url\":\"https:\/\/secure.gravatar.com\/avatar\/74996b0977aa5f1559ba9883776652508b229005c0d78fb2597897f0bd651c09?s=96&d=mm&r=g\",\"contentUrl\":\"https:\/\/secure.gravatar.com\/avatar\/74996b0977aa5f1559ba9883776652508b229005c0d78fb2597897f0bd651c09?s=96&d=mm&r=g\",\"caption\":\"Edit\u00f6r\"},\"sameAs\":[\"http:\/\/www.avrupapress.com\"],\"url\":\"https:\/\/avrupapress.com\/main\/author\/editor\/\"}]}<\/script>\n<!-- \/ Yoast SEO plugin. -->","yoast_head_json":{"title":"Karantinadaki sekiz Bel\u00e7ikal\u0131 Pazar g\u00fcn\u00fc eve d\u00f6nebilir\/ sekiz Bel\u00e7ikal\u0131n\u0131n karantina s\u00fcresi sona erdi - AvrupaPress","robots":{"index":"index","follow":"follow","max-snippet":"max-snippet:-1","max-image-preview":"max-image-preview:large","max-video-preview":"max-video-preview:-1"},"canonical":"https:\/\/avrupapress.com\/2020\/02\/15\/karantinadaki-sekiz-belcikali-pazar-gunu-eve-donebilir-sekiz-belcikalinin-karantina-suresi-sona-erdi\/","og_locale":"fr_FR","og_type":"article","og_title":"Karantinadaki sekiz Bel\u00e7ikal\u0131 Pazar g\u00fcn\u00fc eve d\u00f6nebilir\/ sekiz Bel\u00e7ikal\u0131n\u0131n karantina s\u00fcresi sona erdi - AvrupaPress","og_description":"\u00c7in&rsquo;den geri getirilen ve karantinaya al\u0131nan sekiz Bel\u00e7ikal\u0131,negatif sonu\u00e7 veren bir ka\u00e7 testten sonra pazar g\u00fcn\u00fc evlerine d\u00f6nebilirler. \u015eubat ay\u0131n\u0131n ba\u015f\u0131ndan bu yana, toplam on bir Bel\u00e7ikal\u0131 \u00fclkesine geri g\u00f6nderildi ve karantinaya al\u0131nd\u0131. Di\u011fer \u00fc\u00e7\u00fcn\u00fcn de durumlar\u0131 iyi. Federal Kamu Hizmeti Halk Sa\u011fl\u0131\u011f\u0131 s\u00f6zc\u00fcs\u00fc Jan Eyckmans sa\u011fl\u0131kl\u0131 olduklar\u0131ndan y\u00fcz de y\u00fcz emin olduklar\u0131n\u0131 s\u00f6yledi. Vir\u00fcs [&hellip;]","og_url":"https:\/\/avrupapress.com\/2020\/02\/15\/karantinadaki-sekiz-belcikali-pazar-gunu-eve-donebilir-sekiz-belcikalinin-karantina-suresi-sona-erdi\/","og_site_name":"AvrupaPress","article_published_time":"2020-02-15T23:05:59+00:00","article_modified_time":"2020-02-15T23:07:59+00:00","og_image":[{"width":1100,"height":774,"url":"https:\/\/avrupapress.com\/wp-content\/uploads\/2020\/02\/1581571182-d5321b.jpg","type":"image\/jpeg"}],"author":"Edit\u00f6r","twitter_card":"summary_large_image","twitter_misc":{"\u00c9crit par":"Edit\u00f6r","Dur\u00e9e de lecture est.":"1 minute"},"schema":{"@context":"https:\/\/schema.org","@graph":[{"@type":"Article","@id":"https:\/\/avrupapress.com\/2020\/02\/15\/karantinadaki-sekiz-belcikali-pazar-gunu-eve-donebilir-sekiz-belcikalinin-karantina-suresi-sona-erdi\/#article","isPartOf":{"@id":"https:\/\/avrupapress.com\/2020\/02\/15\/karantinadaki-sekiz-belcikali-pazar-gunu-eve-donebilir-sekiz-belcikalinin-karantina-suresi-sona-erdi\/"},"author":{"name":"Edit\u00f6r","@id":"https:\/\/avrupapress.com\/#\/schema\/person\/68428444ec60970d1e1b700cf4ca1e8f"},"headline":"Karantinadaki sekiz Bel\u00e7ikal\u0131 Pazar g\u00fcn\u00fc eve d\u00f6nebilir\/ sekiz Bel\u00e7ikal\u0131n\u0131n karantina s\u00fcresi sona erdi","datePublished":"2020-02-15T23:05:59+00:00","dateModified":"2020-02-15T23:07:59+00:00","mainEntityOfPage":{"@id":"https:\/\/avrupapress.com\/2020\/02\/15\/karantinadaki-sekiz-belcikali-pazar-gunu-eve-donebilir-sekiz-belcikalinin-karantina-suresi-sona-erdi\/"},"wordCount":315,"publisher":{"@id":"https:\/\/avrupapress.com\/#\/schema\/person\/0223dca19c72c43575bf30d1a2d8f4fa"},"image":{"@id":"https:\/\/avrupapress.com\/2020\/02\/15\/karantinadaki-sekiz-belcikali-pazar-gunu-eve-donebilir-sekiz-belcikalinin-karantina-suresi-sona-erdi\/#primaryimage"},"thumbnailUrl":"https:\/\/avrupapress.com\/main\/wp-content\/uploads\/2020\/02\/1581571182-d5321b.jpg","keywords":["Karantinadaki sekiz Bel\u00e7ikal\u0131 Pazar g\u00fcn\u00fc eve d\u00f6nebilir\/ sekiz Bel\u00e7ikal\u0131n\u0131n karantina s\u00fcresi sona erdi"],"articleSection":["Avrupa","Bel\u00e7ika","D\u00fcnya"],"inLanguage":"fr-BE"},{"@type":"WebPage","@id":"https:\/\/avrupapress.com\/2020\/02\/15\/karantinadaki-sekiz-belcikali-pazar-gunu-eve-donebilir-sekiz-belcikalinin-karantina-suresi-sona-erdi\/","url":"https:\/\/avrupapress.com\/2020\/02\/15\/karantinadaki-sekiz-belcikali-pazar-gunu-eve-donebilir-sekiz-belcikalinin-karantina-suresi-sona-erdi\/","name":"Karantinadaki sekiz Bel\u00e7ikal\u0131 Pazar g\u00fcn\u00fc eve d\u00f6nebilir\/ sekiz Bel\u00e7ikal\u0131n\u0131n karantina s\u00fcresi sona erdi - AvrupaPress","isPartOf":{"@id":"https:\/\/avrupapress.com\/#website"},"primaryImageOfPage":{"@id":"https:\/\/avrupapress.com\/2020\/02\/15\/karantinadaki-sekiz-belcikali-pazar-gunu-eve-donebilir-sekiz-belcikalinin-karantina-suresi-sona-erdi\/#primaryimage"},"image":{"@id":"https:\/\/avrupapress.com\/2020\/02\/15\/karantinadaki-sekiz-belcikali-pazar-gunu-eve-donebilir-sekiz-belcikalinin-karantina-suresi-sona-erdi\/#primaryimage"},"thumbnailUrl":"https:\/\/avrupapress.com\/main\/wp-content\/uploads\/2020\/02\/1581571182-d5321b.jpg","datePublished":"2020-02-15T23:05:59+00:00","dateModified":"2020-02-15T23:07:59+00:00","breadcrumb":{"@id":"https:\/\/avrupapress.com\/2020\/02\/15\/karantinadaki-sekiz-belcikali-pazar-gunu-eve-donebilir-sekiz-belcikalinin-karantina-suresi-sona-erdi\/#breadcrumb"},"inLanguage":"fr-BE","potentialAction":[{"@type":"ReadAction","target":["https:\/\/avrupapress.com\/2020\/02\/15\/karantinadaki-sekiz-belcikali-pazar-gunu-eve-donebilir-sekiz-belcikalinin-karantina-suresi-sona-erdi\/"]}]},{"@type":"ImageObject","inLanguage":"fr-BE","@id":"https:\/\/avrupapress.com\/2020\/02\/15\/karantinadaki-sekiz-belcikali-pazar-gunu-eve-donebilir-sekiz-belcikalinin-karantina-suresi-sona-erdi\/#primaryimage","url":"https:\/\/avrupapress.com\/main\/wp-content\/uploads\/2020\/02\/1581571182-d5321b.jpg","contentUrl":"https:\/\/avrupapress.com\/main\/wp-content\/uploads\/2020\/02\/1581571182-d5321b.jpg","width":1100,"height":774},{"@type":"BreadcrumbList","@id":"https:\/\/avrupapress.com\/2020\/02\/15\/karantinadaki-sekiz-belcikali-pazar-gunu-eve-donebilir-sekiz-belcikalinin-karantina-suresi-sona-erdi\/#breadcrumb","itemListElement":[{"@type":"ListItem","position":1,"name":"Anasayfa","item":"https:\/\/avrupapress.com\/"},{"@type":"ListItem","position":2,"name":"Karantinadaki sekiz Bel\u00e7ikal\u0131 Pazar g\u00fcn\u00fc eve d\u00f6nebilir\/ sekiz Bel\u00e7ikal\u0131n\u0131n karantina s\u00fcresi sona erdi"}]},{"@type":"WebSite","@id":"https:\/\/avrupapress.com\/#website","url":"https:\/\/avrupapress.com\/","name":"AvrupaPress","description":"Haberin Adresi","publisher":{"@id":"https:\/\/avrupapress.com\/#\/schema\/person\/0223dca19c72c43575bf30d1a2d8f4fa"},"potentialAction":[{"@type":"SearchAction","target":{"@type":"EntryPoint","urlTemplate":"https:\/\/avrupapress.com\/?s={search_term_string}"},"query-input":{"@type":"PropertyValueSpecification","valueRequired":true,"valueName":"search_term_string"}}],"inLanguage":"fr-BE"},{"@type":["Person","Organization"],"@id":"https:\/\/avrupapress.com\/#\/schema\/person\/0223dca19c72c43575bf30d1a2d8f4fa","name":"Bilgin \u00d6z\u00e7ift\u00e7i","image":{"@type":"ImageObject","inLanguage":"fr-BE","@id":"https:\/\/avrupapress.com\/#\/schema\/person\/image\/","url":"https:\/\/secure.gravatar.com\/avatar\/0f23b280433a21e1ea7a0adcc46ed0ad16afe3ad8e630fd13d8a017dcbd54ef3?s=96&d=mm&r=g","contentUrl":"https:\/\/secure.gravatar.com\/avatar\/0f23b280433a21e1ea7a0adcc46ed0ad16afe3ad8e630fd13d8a017dcbd54ef3?s=96&d=mm&r=g","caption":"Bilgin \u00d6z\u00e7ift\u00e7i"},"logo":{"@id":"https:\/\/avrupapress.com\/#\/schema\/person\/image\/"},"description":"Ne ben, nede sen... Biz ancak \"biz\" olursak g\u00fc\u00e7l\u00fc olabiliriz"},{"@type":"Person","@id":"https:\/\/avrupapress.com\/#\/schema\/person\/68428444ec60970d1e1b700cf4ca1e8f","name":"Edit\u00f6r","image":{"@type":"ImageObject","inLanguage":"fr-BE","@id":"https:\/\/avrupapress.com\/#\/schema\/person\/image\/","url":"https:\/\/secure.gravatar.com\/avatar\/74996b0977aa5f1559ba9883776652508b229005c0d78fb2597897f0bd651c09?s=96&d=mm&r=g","contentUrl":"https:\/\/secure.gravatar.com\/avatar\/74996b0977aa5f1559ba9883776652508b229005c0d78fb2597897f0bd651c09?s=96&d=mm&r=g","caption":"Edit\u00f6r"},"sameAs":["http:\/\/www.avrupapress.com"],"url":"https:\/\/avrupapress.com\/main\/author\/editor\/"}]}},"_links":{"self":[{"href":"https:\/\/avrupapress.com\/main\/wp-json\/wp\/v2\/posts\/10566","targetHints":{"allow":["GET"]}}],"collection":[{"href":"https:\/\/avrupapress.com\/main\/wp-json\/wp\/v2\/posts"}],"about":[{"href":"https:\/\/avrupapress.com\/main\/wp-json\/wp\/v2\/types\/post"}],"author":[{"embeddable":true,"href":"https:\/\/avrupapress.com\/main\/wp-json\/wp\/v2\/users\/3"}],"replies":[{"embeddable":true,"href":"https:\/\/avrupapress.com\/main\/wp-json\/wp\/v2\/comments?post=10566"}],"version-history":[{"count":2,"href":"https:\/\/avrupapress.com\/main\/wp-json\/wp\/v2\/posts\/10566\/revisions"}],"predecessor-version":[{"id":10569,"href":"https:\/\/avrupapress.com\/main\/wp-json\/wp\/v2\/posts\/10566\/revisions\/10569"}],"wp:featuredmedia":[{"embeddable":true,"href":"https:\/\/avrupapress.com\/main\/wp-json\/wp\/v2\/media\/10567"}],"wp:attachment":[{"href":"https:\/\/avrupapress.com\/main\/wp-json\/wp\/v2\/media?parent=10566"}],"wp:term":[{"taxonomy":"category","embeddable":true,"href":"https:\/\/avrupapress.com\/main\/wp-json\/wp\/v2\/categories?post=10566"},{"taxonomy":"post_tag","embeddable":true,"href":"https:\/\/avrupapress.com\/main\/wp-json\/wp\/v2\/tags?post=10566"}],"curies":[{"name":"wp","href":"https:\/\/api.w.org\/{rel}","templated":true}]}}