{"id":10563,"date":"2020-02-18T12:53:44","date_gmt":"2020-02-18T12:53:44","guid":{"rendered":"http:\/\/avrupapress.com\/main\/?p=10563"},"modified":"2020-02-24T06:37:11","modified_gmt":"2020-02-24T06:37:11","slug":"agrisiz-odemsiz-hizli-iyilesen-sac-ekimi","status":"publish","type":"post","link":"https:\/\/avrupapress.com\/main\/2020\/02\/18\/agrisiz-odemsiz-hizli-iyilesen-sac-ekimi\/","title":{"rendered":"A\u011fr\u0131s\u0131z \u00d6demsiz H\u0131zl\u0131 \u0130yile\u015fen Sa\u00e7 Ekimi"},"content":{"rendered":"<p>Ger\u00e7ekten a\u011fr\u0131s\u0131z, \u00f6demsiz, h\u0131zl\u0131 iyile\u015fen sa\u00e7 ekimi m\u00fcmk\u00fcn m\u00fc ? Evet m\u00fcmk\u00fcn, ancak tek ba\u015f\u0131na \u015fu y\u00f6ntem demek eksik kal\u0131r. Sa\u00e7 ekiminin hasta a\u00e7\u0131s\u0131ndan rahat ge\u00e7mesi, uygulanan tekniklerin, ekibin deneyimi, kullan\u0131lan ara\u00e7 gere\u00e7lerin kalitesi, hasta \u00fczerinde kullan\u0131lan malzemelerin hangi s\u0131kl\u0131kta de\u011fi\u015ftirildi\u011fi, ucu k\u00f6relmi\u015f bir i\u011fne hala hasta \u00fczerinde kullan\u0131l\u0131r ise elbette a\u011fr\u0131ya neden olacakt\u0131r. Maliyeti d\u00fc\u015f\u00fcrmek ad\u0131na ne yaz\u0131k ki bir\u00e7ok sa\u00e7 ekiminde hastan\u0131n g\u00fcvenli\u011fi i\u00e7in, i\u015flemin ba\u015far\u0131s\u0131 i\u00e7in, h\u0131zl\u0131 iyile\u015fme i\u00e7in gereken baz\u0131 ilave tedaviler, serumlar hastaya yap\u0131lmamakta. G\u00fcn\u00fcm\u00fczde bir\u00e7ok ekip sa\u00e7 ekimi yap\u0131yor ancak her ekipte hasta ayn\u0131 tedavi s\u00fcrecini ya\u015fam\u0131yor. Sa\u00e7 ekimi olan hastalar \u00f6zellikle ilk uyu\u015fturma lokal anestezi i\u011fneleri a\u011fr\u0131l\u0131 bulur, hastay\u0131 rahatlatmak, i\u011fneleri hi\u00e7 denecek kadar hissetmesini sa\u011flamak i\u00e7in hastaya baz\u0131 damardan ila\u00e7lar yapmak m\u00fcmk\u00fcn. \u00c7ok hassas ince madde olan Safir ile yeni sa\u00e7 kanallar\u0131n\u0131n a\u00e7\u0131lmas\u0131 yine hastan\u0131n bu i\u015flemi hissetmemesine zemin haz\u0131rlamakta. Safir ile a\u00e7\u0131lan sa\u00e7 kanal\u0131 daha incedir dolays\u0131yla yeni sa\u00e7 k\u00f6k\u00fcn\u00fcn tutunmas\u0131 ve iyile\u015fmesi de h\u0131zl\u0131d\u0131r. Zannedilenin aksine verilen sa\u00e7 bantlar\u0131n\u0131n \u00f6dem a\u00e7\u0131s\u0131ndan hi\u00e7bir yarar\u0131 yoktur. Tam tersi sa\u00e7 band\u0131n\u0131n ufak bir kaymas\u0131 al\u0131n b\u00f6lgesinde yeni ekilen sa\u00e7 k\u00f6klerinin kayb\u0131na neden olmaktad\u0131r. \u00d6nemli olan i\u015flemin hassasiyetle yap\u0131lmas\u0131, ince malzeme kullan\u0131lmas\u0131, gerekli ila\u00e7 tedavisi ve hastan\u0131n yat\u0131\u015f pozisyonu. Sa\u00e7 batlar\u0131 ile dola\u015fan sa\u00e7 ekimi hastalar\u0131n\u0131n al\u0131n bandajlar\u0131ndaki Whatsapp numaralar\u0131, klinik ismi esas amac\u0131 t\u00fcm y\u00f6nleriyle ortaya koymakta. Hasta a\u00e7\u0131s\u0131ndan rahat , komforlu sa\u00e7 ekimi elbette m\u00fcmk\u00fcn, marifet var olan sa\u00e7 ekimi teknikleri her y\u00f6n\u00fcyle do\u011fru ve t\u00fcm hassasiyetleri ile dikkate almak . Kullan\u0131lan malzemeden insan fakt\u00f6r\u00fcne kadar her \u015fey \u00f6nemli . Sadece fiyata de\u011fil ekibin i\u015fine, insana olan sayg\u0131s\u0131n\u0131 \u00f6n planda . Giderleri k\u0131smak ad\u0131na malzeme ve insan kalitesinden cimrilik yapan ekiplerden uzak durun. Sa\u011fl\u0131k her zaman \u00f6nce gelir . \u0130\u015fini a\u015fkla yapan g\u00fcvenli ellerde olmak dile\u011fiyle ! Her konudaki sorular\u0131n\u0131z i\u00e7in bizimle ileti\u015fime ge\u00e7ebilirsiniz &#8230;<\/p>\n<p>https:\/\/www.instagram.com\/dr.esmademirezen\/?hl=tr<\/p>\n<p>www.hygieiaturkey.com<\/p>\n<p>www.cosmetichairturkey.com<\/p>\n<p><strong>Dr. Esma Demirezen \/ AVRUPAPRESS<\/strong><\/p>\n","protected":false},"excerpt":{"rendered":"<p>Ger\u00e7ekten a\u011fr\u0131s\u0131z, \u00f6demsiz, h\u0131zl\u0131 iyile\u015fen sa\u00e7 ekimi m\u00fcmk\u00fcn m\u00fc ? Evet m\u00fcmk\u00fcn, ancak tek ba\u015f\u0131na \u015fu y\u00f6ntem demek eksik kal\u0131r. Sa\u00e7 ekiminin hasta a\u00e7\u0131s\u0131ndan rahat ge\u00e7mesi, uygulanan tekniklerin, ekibin deneyimi, kullan\u0131lan ara\u00e7 gere\u00e7lerin kalitesi, hasta \u00fczerinde kullan\u0131lan malzemelerin hangi s\u0131kl\u0131kta de\u011fi\u015ftirildi\u011fi, ucu k\u00f6relmi\u015f bir i\u011fne hala hasta \u00fczerinde kullan\u0131l\u0131r ise elbette a\u011fr\u0131ya neden olacakt\u0131r. Maliyeti [&hellip;]<\/p>\n","protected":false},"author":7,"featured_media":10602,"comment_status":"closed","ping_status":"open","sticky":false,"template":"","format":"standard","meta":{"footnotes":""},"categories":[2,1],"tags":[5072],"class_list":["post-10563","post","type-post","status-publish","format-standard","has-post-thumbnail","hentry","category-turkiye","category-uncategorized","tag-agrisiz-odemsiz-hizli-iyilesen-sac-ekimi"],"yoast_head":"<!-- This site is optimized with the Yoast SEO plugin v26.9 - https:\/\/yoast.com\/product\/yoast-seo-wordpress\/ -->\n<title>A\u011fr\u0131s\u0131z \u00d6demsiz H\u0131zl\u0131 \u0130yile\u015fen Sa\u00e7 Ekimi - AvrupaPress<\/title>\n<meta name=\"robots\" content=\"index, follow, max-snippet:-1, max-image-preview:large, max-video-preview:-1\" \/>\n<link rel=\"canonical\" href=\"https:\/\/avrupapress.com\/2020\/02\/18\/agrisiz-odemsiz-hizli-iyilesen-sac-ekimi\/\" \/>\n<meta property=\"og:locale\" content=\"fr_FR\" \/>\n<meta property=\"og:type\" content=\"article\" \/>\n<meta property=\"og:title\" content=\"A\u011fr\u0131s\u0131z \u00d6demsiz H\u0131zl\u0131 \u0130yile\u015fen Sa\u00e7 Ekimi - AvrupaPress\" \/>\n<meta property=\"og:description\" content=\"Ger\u00e7ekten a\u011fr\u0131s\u0131z, \u00f6demsiz, h\u0131zl\u0131 iyile\u015fen sa\u00e7 ekimi m\u00fcmk\u00fcn m\u00fc ? Evet m\u00fcmk\u00fcn, ancak tek ba\u015f\u0131na \u015fu y\u00f6ntem demek eksik kal\u0131r. Sa\u00e7 ekiminin hasta a\u00e7\u0131s\u0131ndan rahat ge\u00e7mesi, uygulanan tekniklerin, ekibin deneyimi, kullan\u0131lan ara\u00e7 gere\u00e7lerin kalitesi, hasta \u00fczerinde kullan\u0131lan malzemelerin hangi s\u0131kl\u0131kta de\u011fi\u015ftirildi\u011fi, ucu k\u00f6relmi\u015f bir i\u011fne hala hasta \u00fczerinde kullan\u0131l\u0131r ise elbette a\u011fr\u0131ya neden olacakt\u0131r. Maliyeti [&hellip;]\" \/>\n<meta property=\"og:url\" content=\"https:\/\/avrupapress.com\/2020\/02\/18\/agrisiz-odemsiz-hizli-iyilesen-sac-ekimi\/\" \/>\n<meta property=\"og:site_name\" content=\"AvrupaPress\" \/>\n<meta property=\"article:published_time\" content=\"2020-02-18T12:53:44+00:00\" \/>\n<meta property=\"article:modified_time\" content=\"2020-02-24T06:37:11+00:00\" \/>\n<meta property=\"og:image\" content=\"https:\/\/avrupapress.com\/wp-content\/uploads\/2020\/02\/87187693_504096857168955_4210048276365312000_n.jpg\" \/>\n\t<meta property=\"og:image:width\" content=\"362\" \/>\n\t<meta property=\"og:image:height\" content=\"362\" \/>\n\t<meta property=\"og:image:type\" content=\"image\/jpeg\" \/>\n<meta name=\"author\" content=\"Esma Demirezen\" \/>\n<meta name=\"twitter:card\" content=\"summary_large_image\" \/>\n<meta name=\"twitter:label1\" content=\"\u00c9crit par\" \/>\n\t<meta name=\"twitter:data1\" content=\"Esma Demirezen\" \/>\n\t<meta name=\"twitter:label2\" content=\"Dur\u00e9e de lecture est.\" \/>\n\t<meta name=\"twitter:data2\" content=\"2 minutes\" \/>\n<script type=\"application\/ld+json\" class=\"yoast-schema-graph\">{\"@context\":\"https:\/\/schema.org\",\"@graph\":[{\"@type\":\"Article\",\"@id\":\"https:\/\/avrupapress.com\/2020\/02\/18\/agrisiz-odemsiz-hizli-iyilesen-sac-ekimi\/#article\",\"isPartOf\":{\"@id\":\"https:\/\/avrupapress.com\/2020\/02\/18\/agrisiz-odemsiz-hizli-iyilesen-sac-ekimi\/\"},\"author\":{\"name\":\"Esma Demirezen\",\"@id\":\"https:\/\/avrupapress.com\/#\/schema\/person\/b6a2662a119224d7e7659ebb387d4d66\"},\"headline\":\"A\u011fr\u0131s\u0131z \u00d6demsiz H\u0131zl\u0131 \u0130yile\u015fen Sa\u00e7 Ekimi\",\"datePublished\":\"2020-02-18T12:53:44+00:00\",\"dateModified\":\"2020-02-24T06:37:11+00:00\",\"mainEntityOfPage\":{\"@id\":\"https:\/\/avrupapress.com\/2020\/02\/18\/agrisiz-odemsiz-hizli-iyilesen-sac-ekimi\/\"},\"wordCount\":444,\"publisher\":{\"@id\":\"https:\/\/avrupapress.com\/#\/schema\/person\/0223dca19c72c43575bf30d1a2d8f4fa\"},\"image\":{\"@id\":\"https:\/\/avrupapress.com\/2020\/02\/18\/agrisiz-odemsiz-hizli-iyilesen-sac-ekimi\/#primaryimage\"},\"thumbnailUrl\":\"https:\/\/avrupapress.com\/main\/wp-content\/uploads\/2020\/02\/87187693_504096857168955_4210048276365312000_n.jpg\",\"keywords\":[\"A\u011fr\u0131s\u0131z \u00d6demsiz H\u0131zl\u0131 \u0130yile\u015fen Sa\u00e7 Ekimi\"],\"articleSection\":[\"T\u00fcrkiye\",\"Uncategorized\"],\"inLanguage\":\"fr-BE\"},{\"@type\":\"WebPage\",\"@id\":\"https:\/\/avrupapress.com\/2020\/02\/18\/agrisiz-odemsiz-hizli-iyilesen-sac-ekimi\/\",\"url\":\"https:\/\/avrupapress.com\/2020\/02\/18\/agrisiz-odemsiz-hizli-iyilesen-sac-ekimi\/\",\"name\":\"A\u011fr\u0131s\u0131z \u00d6demsiz H\u0131zl\u0131 \u0130yile\u015fen Sa\u00e7 Ekimi - AvrupaPress\",\"isPartOf\":{\"@id\":\"https:\/\/avrupapress.com\/#website\"},\"primaryImageOfPage\":{\"@id\":\"https:\/\/avrupapress.com\/2020\/02\/18\/agrisiz-odemsiz-hizli-iyilesen-sac-ekimi\/#primaryimage\"},\"image\":{\"@id\":\"https:\/\/avrupapress.com\/2020\/02\/18\/agrisiz-odemsiz-hizli-iyilesen-sac-ekimi\/#primaryimage\"},\"thumbnailUrl\":\"https:\/\/avrupapress.com\/main\/wp-content\/uploads\/2020\/02\/87187693_504096857168955_4210048276365312000_n.jpg\",\"datePublished\":\"2020-02-18T12:53:44+00:00\",\"dateModified\":\"2020-02-24T06:37:11+00:00\",\"breadcrumb\":{\"@id\":\"https:\/\/avrupapress.com\/2020\/02\/18\/agrisiz-odemsiz-hizli-iyilesen-sac-ekimi\/#breadcrumb\"},\"inLanguage\":\"fr-BE\",\"potentialAction\":[{\"@type\":\"ReadAction\",\"target\":[\"https:\/\/avrupapress.com\/2020\/02\/18\/agrisiz-odemsiz-hizli-iyilesen-sac-ekimi\/\"]}]},{\"@type\":\"ImageObject\",\"inLanguage\":\"fr-BE\",\"@id\":\"https:\/\/avrupapress.com\/2020\/02\/18\/agrisiz-odemsiz-hizli-iyilesen-sac-ekimi\/#primaryimage\",\"url\":\"https:\/\/avrupapress.com\/main\/wp-content\/uploads\/2020\/02\/87187693_504096857168955_4210048276365312000_n.jpg\",\"contentUrl\":\"https:\/\/avrupapress.com\/main\/wp-content\/uploads\/2020\/02\/87187693_504096857168955_4210048276365312000_n.jpg\",\"width\":362,\"height\":362},{\"@type\":\"BreadcrumbList\",\"@id\":\"https:\/\/avrupapress.com\/2020\/02\/18\/agrisiz-odemsiz-hizli-iyilesen-sac-ekimi\/#breadcrumb\",\"itemListElement\":[{\"@type\":\"ListItem\",\"position\":1,\"name\":\"Anasayfa\",\"item\":\"https:\/\/avrupapress.com\/\"},{\"@type\":\"ListItem\",\"position\":2,\"name\":\"A\u011fr\u0131s\u0131z \u00d6demsiz H\u0131zl\u0131 \u0130yile\u015fen Sa\u00e7 Ekimi\"}]},{\"@type\":\"WebSite\",\"@id\":\"https:\/\/avrupapress.com\/#website\",\"url\":\"https:\/\/avrupapress.com\/\",\"name\":\"AvrupaPress\",\"description\":\"Haberin Adresi\",\"publisher\":{\"@id\":\"https:\/\/avrupapress.com\/#\/schema\/person\/0223dca19c72c43575bf30d1a2d8f4fa\"},\"potentialAction\":[{\"@type\":\"SearchAction\",\"target\":{\"@type\":\"EntryPoint\",\"urlTemplate\":\"https:\/\/avrupapress.com\/?s={search_term_string}\"},\"query-input\":{\"@type\":\"PropertyValueSpecification\",\"valueRequired\":true,\"valueName\":\"search_term_string\"}}],\"inLanguage\":\"fr-BE\"},{\"@type\":[\"Person\",\"Organization\"],\"@id\":\"https:\/\/avrupapress.com\/#\/schema\/person\/0223dca19c72c43575bf30d1a2d8f4fa\",\"name\":\"Bilgin \u00d6z\u00e7ift\u00e7i\",\"image\":{\"@type\":\"ImageObject\",\"inLanguage\":\"fr-BE\",\"@id\":\"https:\/\/avrupapress.com\/#\/schema\/person\/image\/\",\"url\":\"https:\/\/secure.gravatar.com\/avatar\/0f23b280433a21e1ea7a0adcc46ed0ad16afe3ad8e630fd13d8a017dcbd54ef3?s=96&d=mm&r=g\",\"contentUrl\":\"https:\/\/secure.gravatar.com\/avatar\/0f23b280433a21e1ea7a0adcc46ed0ad16afe3ad8e630fd13d8a017dcbd54ef3?s=96&d=mm&r=g\",\"caption\":\"Bilgin \u00d6z\u00e7ift\u00e7i\"},\"logo\":{\"@id\":\"https:\/\/avrupapress.com\/#\/schema\/person\/image\/\"},\"description\":\"Ne ben, nede sen... Biz ancak \\\"biz\\\" olursak g\u00fc\u00e7l\u00fc olabiliriz\"},{\"@type\":\"Person\",\"@id\":\"https:\/\/avrupapress.com\/#\/schema\/person\/b6a2662a119224d7e7659ebb387d4d66\",\"name\":\"Esma Demirezen\",\"image\":{\"@type\":\"ImageObject\",\"inLanguage\":\"fr-BE\",\"@id\":\"https:\/\/avrupapress.com\/#\/schema\/person\/image\/\",\"url\":\"https:\/\/secure.gravatar.com\/avatar\/49444b8dab05fd1d91b151913d1f2f8c94f30df82a719ddccf41f6a306ba1027?s=96&d=mm&r=g\",\"contentUrl\":\"https:\/\/secure.gravatar.com\/avatar\/49444b8dab05fd1d91b151913d1f2f8c94f30df82a719ddccf41f6a306ba1027?s=96&d=mm&r=g\",\"caption\":\"Esma Demirezen\"},\"description\":\"Sa\u011fl\u0131kl\u0131, Mutlu , Huzurlu Bir Y\u0131l Olsun ! Yeni y\u0131l\u0131n ba\u015flang\u0131c\u0131na uygun bir \u015fekilde yapmak istedik . Yeni y\u0131l t\u00fcm okurlar\u0131m\u0131za, ailelerine, sevdiklerine , \u00fclkemize ve elbette t\u00fcm D\u00fcnya\u2019ya g\u00fczellikler getirsin. D\u00fcnya Sa\u011fl\u0131k \u00d6rg\u00fct\u00fcn\u00fcn de tan\u0131mlad\u0131\u011f\u0131n\u0131 gibi sa\u011fl\u0131k sadece hastal\u0131k ve sakatl\u0131\u011f\u0131n olmay\u0131\u015f\u0131 de\u011fil , bireyin bedenen, ruhsal ve sosyal y\u00f6nden tam iyilik halinde olmas\u0131d\u0131r. \u0130\u015fte bundan dolay\u0131 \u00f6zellikle 23 y\u0131ll\u0131k halk sa\u011fl\u0131\u011f\u0131 uzmanl\u0131\u011f\u0131 bak\u0131\u015f\u0131 a\u00e7\u0131s\u0131, farkl\u0131 deneyimler \u0131\u015f\u0131nda payla\u015faca\u011f\u0131m\u0131z bir \u00e7ok konu var. Estetik, sa\u00e7 ekimi, kafatas\u0131 \u015fekil bozuklu\u011fu, y\u00fcz asimetrisi , y\u00fcz d\u00fczeltme, kaza cerrahisi, nadir g\u00f6r\u00fclen hastal\u0131klar\u0131n tedavisi, a\u011f\u0131z di\u015f sa\u011fl\u0131\u011f\u0131, y\u00fcksek tansiyon ve kalp hastal\u0131\u011f\u0131 sorunlar\u0131, kolesterol (kan ya\u011flar\u0131) , \u015feker hastal\u0131\u011f\u0131 ( diyabet) , \u015fi\u015fmanl\u0131k ve kilo y\u00f6netimi (diyet ya da mide ameliyatlar ile ) , kanserde erken tan\u0131 , \u00f6zel tedavi y\u00f6ntemleri, ruhsal sorunlar , aile ve \u00e7ift sorunlar\u0131 \u2026 \u00d6zetle hayata , insana dair her \u015fey ! Sizlerin g\u00f6r\u00fc\u015fleri de bizim i\u00e7in \u00f6nemli , dilek ve \u00f6nerilerinizi bize iletmek i\u00e7in bize ula\u015f\u0131n Sa\u011fl\u0131kl\u0131, mutlu, huzurlu g\u00fcnler dile\u011fiyle Dr. Esma Demirezen I.\u00dc. Sa\u011fl\u0131k Bilimleri Fak\u00fcltesi \u00d6\u011fretim \u00dcyesi \u0130.A.\u00dc. Sa\u011fl\u0131k Bilimleri Fak\u00fcltesi \u00d6\u011fretim \u00dcyesi Hygieia Turkey Kurucusu www.hygieiaturkey.com Whatsapp : +905332578594 Email : esmademirezen@avrupapress.com https:\/\/www.instagram.com\/dr.esmademirezen\/ https:\/\/www.facebook.com\/hygieiaturkey\/\",\"sameAs\":[\"http:\/\/www.avrupapress.com\"],\"url\":\"https:\/\/avrupapress.com\/main\/author\/esma\/\"}]}<\/script>\n<!-- \/ Yoast SEO plugin. -->","yoast_head_json":{"title":"A\u011fr\u0131s\u0131z \u00d6demsiz H\u0131zl\u0131 \u0130yile\u015fen Sa\u00e7 Ekimi - AvrupaPress","robots":{"index":"index","follow":"follow","max-snippet":"max-snippet:-1","max-image-preview":"max-image-preview:large","max-video-preview":"max-video-preview:-1"},"canonical":"https:\/\/avrupapress.com\/2020\/02\/18\/agrisiz-odemsiz-hizli-iyilesen-sac-ekimi\/","og_locale":"fr_FR","og_type":"article","og_title":"A\u011fr\u0131s\u0131z \u00d6demsiz H\u0131zl\u0131 \u0130yile\u015fen Sa\u00e7 Ekimi - AvrupaPress","og_description":"Ger\u00e7ekten a\u011fr\u0131s\u0131z, \u00f6demsiz, h\u0131zl\u0131 iyile\u015fen sa\u00e7 ekimi m\u00fcmk\u00fcn m\u00fc ? Evet m\u00fcmk\u00fcn, ancak tek ba\u015f\u0131na \u015fu y\u00f6ntem demek eksik kal\u0131r. Sa\u00e7 ekiminin hasta a\u00e7\u0131s\u0131ndan rahat ge\u00e7mesi, uygulanan tekniklerin, ekibin deneyimi, kullan\u0131lan ara\u00e7 gere\u00e7lerin kalitesi, hasta \u00fczerinde kullan\u0131lan malzemelerin hangi s\u0131kl\u0131kta de\u011fi\u015ftirildi\u011fi, ucu k\u00f6relmi\u015f bir i\u011fne hala hasta \u00fczerinde kullan\u0131l\u0131r ise elbette a\u011fr\u0131ya neden olacakt\u0131r. Maliyeti [&hellip;]","og_url":"https:\/\/avrupapress.com\/2020\/02\/18\/agrisiz-odemsiz-hizli-iyilesen-sac-ekimi\/","og_site_name":"AvrupaPress","article_published_time":"2020-02-18T12:53:44+00:00","article_modified_time":"2020-02-24T06:37:11+00:00","og_image":[{"width":362,"height":362,"url":"https:\/\/avrupapress.com\/wp-content\/uploads\/2020\/02\/87187693_504096857168955_4210048276365312000_n.jpg","type":"image\/jpeg"}],"author":"Esma Demirezen","twitter_card":"summary_large_image","twitter_misc":{"\u00c9crit par":"Esma Demirezen","Dur\u00e9e de lecture est.":"2 minutes"},"schema":{"@context":"https:\/\/schema.org","@graph":[{"@type":"Article","@id":"https:\/\/avrupapress.com\/2020\/02\/18\/agrisiz-odemsiz-hizli-iyilesen-sac-ekimi\/#article","isPartOf":{"@id":"https:\/\/avrupapress.com\/2020\/02\/18\/agrisiz-odemsiz-hizli-iyilesen-sac-ekimi\/"},"author":{"name":"Esma Demirezen","@id":"https:\/\/avrupapress.com\/#\/schema\/person\/b6a2662a119224d7e7659ebb387d4d66"},"headline":"A\u011fr\u0131s\u0131z \u00d6demsiz H\u0131zl\u0131 \u0130yile\u015fen Sa\u00e7 Ekimi","datePublished":"2020-02-18T12:53:44+00:00","dateModified":"2020-02-24T06:37:11+00:00","mainEntityOfPage":{"@id":"https:\/\/avrupapress.com\/2020\/02\/18\/agrisiz-odemsiz-hizli-iyilesen-sac-ekimi\/"},"wordCount":444,"publisher":{"@id":"https:\/\/avrupapress.com\/#\/schema\/person\/0223dca19c72c43575bf30d1a2d8f4fa"},"image":{"@id":"https:\/\/avrupapress.com\/2020\/02\/18\/agrisiz-odemsiz-hizli-iyilesen-sac-ekimi\/#primaryimage"},"thumbnailUrl":"https:\/\/avrupapress.com\/main\/wp-content\/uploads\/2020\/02\/87187693_504096857168955_4210048276365312000_n.jpg","keywords":["A\u011fr\u0131s\u0131z \u00d6demsiz H\u0131zl\u0131 \u0130yile\u015fen Sa\u00e7 Ekimi"],"articleSection":["T\u00fcrkiye","Uncategorized"],"inLanguage":"fr-BE"},{"@type":"WebPage","@id":"https:\/\/avrupapress.com\/2020\/02\/18\/agrisiz-odemsiz-hizli-iyilesen-sac-ekimi\/","url":"https:\/\/avrupapress.com\/2020\/02\/18\/agrisiz-odemsiz-hizli-iyilesen-sac-ekimi\/","name":"A\u011fr\u0131s\u0131z \u00d6demsiz H\u0131zl\u0131 \u0130yile\u015fen Sa\u00e7 Ekimi - AvrupaPress","isPartOf":{"@id":"https:\/\/avrupapress.com\/#website"},"primaryImageOfPage":{"@id":"https:\/\/avrupapress.com\/2020\/02\/18\/agrisiz-odemsiz-hizli-iyilesen-sac-ekimi\/#primaryimage"},"image":{"@id":"https:\/\/avrupapress.com\/2020\/02\/18\/agrisiz-odemsiz-hizli-iyilesen-sac-ekimi\/#primaryimage"},"thumbnailUrl":"https:\/\/avrupapress.com\/main\/wp-content\/uploads\/2020\/02\/87187693_504096857168955_4210048276365312000_n.jpg","datePublished":"2020-02-18T12:53:44+00:00","dateModified":"2020-02-24T06:37:11+00:00","breadcrumb":{"@id":"https:\/\/avrupapress.com\/2020\/02\/18\/agrisiz-odemsiz-hizli-iyilesen-sac-ekimi\/#breadcrumb"},"inLanguage":"fr-BE","potentialAction":[{"@type":"ReadAction","target":["https:\/\/avrupapress.com\/2020\/02\/18\/agrisiz-odemsiz-hizli-iyilesen-sac-ekimi\/"]}]},{"@type":"ImageObject","inLanguage":"fr-BE","@id":"https:\/\/avrupapress.com\/2020\/02\/18\/agrisiz-odemsiz-hizli-iyilesen-sac-ekimi\/#primaryimage","url":"https:\/\/avrupapress.com\/main\/wp-content\/uploads\/2020\/02\/87187693_504096857168955_4210048276365312000_n.jpg","contentUrl":"https:\/\/avrupapress.com\/main\/wp-content\/uploads\/2020\/02\/87187693_504096857168955_4210048276365312000_n.jpg","width":362,"height":362},{"@type":"BreadcrumbList","@id":"https:\/\/avrupapress.com\/2020\/02\/18\/agrisiz-odemsiz-hizli-iyilesen-sac-ekimi\/#breadcrumb","itemListElement":[{"@type":"ListItem","position":1,"name":"Anasayfa","item":"https:\/\/avrupapress.com\/"},{"@type":"ListItem","position":2,"name":"A\u011fr\u0131s\u0131z \u00d6demsiz H\u0131zl\u0131 \u0130yile\u015fen Sa\u00e7 Ekimi"}]},{"@type":"WebSite","@id":"https:\/\/avrupapress.com\/#website","url":"https:\/\/avrupapress.com\/","name":"AvrupaPress","description":"Haberin Adresi","publisher":{"@id":"https:\/\/avrupapress.com\/#\/schema\/person\/0223dca19c72c43575bf30d1a2d8f4fa"},"potentialAction":[{"@type":"SearchAction","target":{"@type":"EntryPoint","urlTemplate":"https:\/\/avrupapress.com\/?s={search_term_string}"},"query-input":{"@type":"PropertyValueSpecification","valueRequired":true,"valueName":"search_term_string"}}],"inLanguage":"fr-BE"},{"@type":["Person","Organization"],"@id":"https:\/\/avrupapress.com\/#\/schema\/person\/0223dca19c72c43575bf30d1a2d8f4fa","name":"Bilgin \u00d6z\u00e7ift\u00e7i","image":{"@type":"ImageObject","inLanguage":"fr-BE","@id":"https:\/\/avrupapress.com\/#\/schema\/person\/image\/","url":"https:\/\/secure.gravatar.com\/avatar\/0f23b280433a21e1ea7a0adcc46ed0ad16afe3ad8e630fd13d8a017dcbd54ef3?s=96&d=mm&r=g","contentUrl":"https:\/\/secure.gravatar.com\/avatar\/0f23b280433a21e1ea7a0adcc46ed0ad16afe3ad8e630fd13d8a017dcbd54ef3?s=96&d=mm&r=g","caption":"Bilgin \u00d6z\u00e7ift\u00e7i"},"logo":{"@id":"https:\/\/avrupapress.com\/#\/schema\/person\/image\/"},"description":"Ne ben, nede sen... Biz ancak \"biz\" olursak g\u00fc\u00e7l\u00fc olabiliriz"},{"@type":"Person","@id":"https:\/\/avrupapress.com\/#\/schema\/person\/b6a2662a119224d7e7659ebb387d4d66","name":"Esma Demirezen","image":{"@type":"ImageObject","inLanguage":"fr-BE","@id":"https:\/\/avrupapress.com\/#\/schema\/person\/image\/","url":"https:\/\/secure.gravatar.com\/avatar\/49444b8dab05fd1d91b151913d1f2f8c94f30df82a719ddccf41f6a306ba1027?s=96&d=mm&r=g","contentUrl":"https:\/\/secure.gravatar.com\/avatar\/49444b8dab05fd1d91b151913d1f2f8c94f30df82a719ddccf41f6a306ba1027?s=96&d=mm&r=g","caption":"Esma Demirezen"},"description":"Sa\u011fl\u0131kl\u0131, Mutlu , Huzurlu Bir Y\u0131l Olsun ! Yeni y\u0131l\u0131n ba\u015flang\u0131c\u0131na uygun bir \u015fekilde yapmak istedik . Yeni y\u0131l t\u00fcm okurlar\u0131m\u0131za, ailelerine, sevdiklerine , \u00fclkemize ve elbette t\u00fcm D\u00fcnya\u2019ya g\u00fczellikler getirsin. D\u00fcnya Sa\u011fl\u0131k \u00d6rg\u00fct\u00fcn\u00fcn de tan\u0131mlad\u0131\u011f\u0131n\u0131 gibi sa\u011fl\u0131k sadece hastal\u0131k ve sakatl\u0131\u011f\u0131n olmay\u0131\u015f\u0131 de\u011fil , bireyin bedenen, ruhsal ve sosyal y\u00f6nden tam iyilik halinde olmas\u0131d\u0131r. \u0130\u015fte bundan dolay\u0131 \u00f6zellikle 23 y\u0131ll\u0131k halk sa\u011fl\u0131\u011f\u0131 uzmanl\u0131\u011f\u0131 bak\u0131\u015f\u0131 a\u00e7\u0131s\u0131, farkl\u0131 deneyimler \u0131\u015f\u0131nda payla\u015faca\u011f\u0131m\u0131z bir \u00e7ok konu var. Estetik, sa\u00e7 ekimi, kafatas\u0131 \u015fekil bozuklu\u011fu, y\u00fcz asimetrisi , y\u00fcz d\u00fczeltme, kaza cerrahisi, nadir g\u00f6r\u00fclen hastal\u0131klar\u0131n tedavisi, a\u011f\u0131z di\u015f sa\u011fl\u0131\u011f\u0131, y\u00fcksek tansiyon ve kalp hastal\u0131\u011f\u0131 sorunlar\u0131, kolesterol (kan ya\u011flar\u0131) , \u015feker hastal\u0131\u011f\u0131 ( diyabet) , \u015fi\u015fmanl\u0131k ve kilo y\u00f6netimi (diyet ya da mide ameliyatlar ile ) , kanserde erken tan\u0131 , \u00f6zel tedavi y\u00f6ntemleri, ruhsal sorunlar , aile ve \u00e7ift sorunlar\u0131 \u2026 \u00d6zetle hayata , insana dair her \u015fey ! Sizlerin g\u00f6r\u00fc\u015fleri de bizim i\u00e7in \u00f6nemli , dilek ve \u00f6nerilerinizi bize iletmek i\u00e7in bize ula\u015f\u0131n Sa\u011fl\u0131kl\u0131, mutlu, huzurlu g\u00fcnler dile\u011fiyle Dr. Esma Demirezen I.\u00dc. Sa\u011fl\u0131k Bilimleri Fak\u00fcltesi \u00d6\u011fretim \u00dcyesi \u0130.A.\u00dc. Sa\u011fl\u0131k Bilimleri Fak\u00fcltesi \u00d6\u011fretim \u00dcyesi Hygieia Turkey Kurucusu www.hygieiaturkey.com Whatsapp : +905332578594 Email : esmademirezen@avrupapress.com https:\/\/www.instagram.com\/dr.esmademirezen\/ https:\/\/www.facebook.com\/hygieiaturkey\/","sameAs":["http:\/\/www.avrupapress.com"],"url":"https:\/\/avrupapress.com\/main\/author\/esma\/"}]}},"_links":{"self":[{"href":"https:\/\/avrupapress.com\/main\/wp-json\/wp\/v2\/posts\/10563","targetHints":{"allow":["GET"]}}],"collection":[{"href":"https:\/\/avrupapress.com\/main\/wp-json\/wp\/v2\/posts"}],"about":[{"href":"https:\/\/avrupapress.com\/main\/wp-json\/wp\/v2\/types\/post"}],"author":[{"embeddable":true,"href":"https:\/\/avrupapress.com\/main\/wp-json\/wp\/v2\/users\/7"}],"replies":[{"embeddable":true,"href":"https:\/\/avrupapress.com\/main\/wp-json\/wp\/v2\/comments?post=10563"}],"version-history":[{"count":4,"href":"https:\/\/avrupapress.com\/main\/wp-json\/wp\/v2\/posts\/10563\/revisions"}],"predecessor-version":[{"id":10695,"href":"https:\/\/avrupapress.com\/main\/wp-json\/wp\/v2\/posts\/10563\/revisions\/10695"}],"wp:featuredmedia":[{"embeddable":true,"href":"https:\/\/avrupapress.com\/main\/wp-json\/wp\/v2\/media\/10602"}],"wp:attachment":[{"href":"https:\/\/avrupapress.com\/main\/wp-json\/wp\/v2\/media?parent=10563"}],"wp:term":[{"taxonomy":"category","embeddable":true,"href":"https:\/\/avrupapress.com\/main\/wp-json\/wp\/v2\/categories?post=10563"},{"taxonomy":"post_tag","embeddable":true,"href":"https:\/\/avrupapress.com\/main\/wp-json\/wp\/v2\/tags?post=10563"}],"curies":[{"name":"wp","href":"https:\/\/api.w.org\/{rel}","templated":true}]}}