{"id":10554,"date":"2020-02-13T20:59:24","date_gmt":"2020-02-13T20:59:24","guid":{"rendered":"http:\/\/avrupapress.com\/main\/?p=10554"},"modified":"2020-02-16T19:30:32","modified_gmt":"2020-02-16T19:30:32","slug":"az-bilinen-tedaviler-kafatasi-sekil-bozuklugu-duzeltme","status":"publish","type":"post","link":"https:\/\/avrupapress.com\/main\/2020\/02\/13\/az-bilinen-tedaviler-kafatasi-sekil-bozuklugu-duzeltme\/","title":{"rendered":"Az Bilinen Tedaviler \u201c Kafatas\u0131 \u015eekil Bozuklu\u011fu D\u00fczeltme \u201c"},"content":{"rendered":"\n<p>Baz\u0131 tedaviler var ki her ya\u015ftan, her e\u011fitim d\u00fczeyinden ki\u015fi bir \u015fekilde bir yerlerden duymu\u015ftur, az da olsa bilgi sahibidir. Burun d\u00fczeltme, ya\u011f ald\u0131rma, g\u00f6\u011f\u00fcs esteti\u011fi, kar\u0131n germe vb. bu ameliyatlar aras\u0131ndad\u0131r ancak kafatas\u0131 \u015fekil bozuklu\u011fu d\u00fczeltme \u00e7ok ayr\u0131 bir yere sahiptir. \u0130nsanlar\u0131n b\u00fcy\u00fck bir\u00e7o\u011fu kafatas\u0131 \u015fekil bozuklu\u011funun d\u00fczeltme imk\u00e2n\u0131 oldu\u011funu bilmezler ve sessizce bu sorunun etkileri ile ya\u015famlar\u0131n\u0131 s\u00fcrd\u00fcrmeye \u00e7al\u0131\u015f\u0131rlar. Baz\u0131 ki\u015filerde sorun bebeklik d\u00f6neminde bellidir. Bebeklik d\u00f6neminde kafatas\u0131 \u015fekil bozuklu\u011fu belli ise, ilave sorunlar\u0131n eklenmesinin \u00f6nlenmesi, mevcut sorunun \u00e7\u00f6z\u00fclmesi i\u00e7in erken m\u00fcdahale \u015fart. Do\u011fru tekniklerle 3 -6 ayl\u0131k d\u00f6nemde tek m\u00fcdahale ile \u00f6nemli kafatas\u0131 \u015fekil bozuklu\u011funu gidermek m\u00fcmk\u00fcn. Ya art\u0131k birey yeti\u015fkin ise ve kafatas\u0131 \u015fekil bozuklu\u011fu ile ilgili sorunlar psikolojik durumunu ve sosyal hayat\u0131n\u0131 olumsuz etkiliyorsa \u00e7\u00f6z\u00fcm yok mu? Bir\u00e7ok kafatas\u0131 \u015fekil bozuklu\u011fu hastas\u0131nda yeti\u015fkinlik d\u00f6neminde de sorunu hafifletmeye y\u00f6nelik giri\u015fimler m\u00fcmk\u00fcn. Bir\u00e7ok ki\u015fi i\u00e7in gereksiz bir ameliyat olan kafatas\u0131 \u015fekil bozuklu\u011fu d\u00fczeltme bu sorunu ya\u015fay\u0131p etkilenenler i\u00e7in \u00e7ok \u00e7ok \u00f6nemlidir. S\u0131k\u00e7a kar\u015f\u0131la\u015ft\u0131\u011f\u0131m\u0131z payla\u015f\u0131mlar, duygular, d\u00fc\u015f\u00fcnceler, istekler \u015funlar;<\/p>\n\n\n\n<p>&#8211; Arkada\u015flar\u0131n, aile fertlerinin kafatas\u0131 \u015feklinden dolay\u0131 dalga ge\u00e7mesi<\/p>\n\n\n\n<p>&#8211; Hatta arkada\u015f, \u00e7iftler aras\u0131nda bir tart\u0131\u015fma durumunda kafatas\u0131 \u015fekil bozuklu\u011funun zek\u00e2 durumu ile ili\u015fkilendirilmesi ve \u201ckafan dahi yamuk senin bu konuya akl\u0131n ermez sus!\u201d denmesi<\/p>\n\n\n\n<p>&#8211; Denize, havuza gidememe hatta ya\u011fmurdan ka\u00e7ma<\/p>\n\n\n\n<p>&#8211; Yaz\u0131, k\u0131\u015f \u015fapka ile dola\u015fma<\/p>\n\n\n\n<p>&#8211; Kafa tepe b\u00f6lgesi bas\u0131k ise s\u00fcrekli kabartma ihtiyac\u0131<\/p>\n\n\n\n<p>&#8211; Kafa arkas\u0131 bas\u0131k ise kad\u0131nlar\u0131n atkuyru\u011fu yapamamas\u0131, kafan\u0131n d\u00fcz a\u015fa\u011f\u0131ya inmesi<\/p>\n\n\n\n<p>&#8211; Erkeklerde de j\u00f6le, f\u00f6n vb. ile sa\u00e7lar\u0131 \u015fekillendirme, kald\u0131rma ihtiyac\u0131 durma vb.<\/p>\n\n\n\n<p>Daha bir\u00e7ok farkl\u0131 c\u00fcmleleri bu grup hastalardan her g\u00fcn duymak m\u00fcmk\u00fcn.<\/p>\n\n\n\n<p>Kafatas\u0131 \u015fekil bozuklu\u011funu \u00e7\u00f6z\u00fcm\u00fcnde ya\u011f enjeksiyonu , prolen mesh kullan\u0131m\u0131, ki\u015finin kendi kafatas\u0131n kemi\u011finden kullanma, protez kullanma vb. farkl\u0131 cerrahi teknikler kullan\u0131lmaktad\u0131r. Ya\u011f enjeksiyonu kal\u0131c\u0131 de\u011fildir ve hasta dokundu\u011funda j\u00f6le k\u0131vam\u0131nda bir his verir. Her bir y\u00f6netimin kendine g\u00f6re riskleri mevcut ancak hastan\u0131n ayn\u0131 taburcu oldu\u011fu, diki\u015f alma dahi gerektirmeyen prolen mesh malzemesinin ki\u015finin ihtiyac\u0131na g\u00f6re \u015fekillendirilip uygulanmas\u0131 en kolay \u00e7\u00f6z\u00fcm olarak g\u00f6r\u00fcnmektedir. Her hastan\u0131n ihtiyac\u0131 farkl\u0131d\u0131r bu nedenle t\u00fcm tedavilerden oldu\u011fu bu konuda da bireye \u00f6zg\u00fc bir planlama yap\u0131lmas\u0131 \u015fart.<\/p>\n\n\n\n<p>Kafatas\u0131 \u015fekil bozuklu\u011funun yeti\u015fkinlik d\u00f6neminde de \u00e7\u00f6z\u00fcmlenebilir bir sorun oldu\u011funun bilinmesi \u00f6nemli. Baz\u0131lar\u0131m\u0131za g\u00f6re gereksiz, abart\u0131lmaya gerek olmayan bir sorun di\u011ferinin t\u00fcm ya\u015fant\u0131s\u0131n\u0131 etkileyebilmektedir.<\/p>\n\n\n\n<p>Kafan\u0131za hi\u00e7bir \u015feyi takmad\u0131\u011f\u0131n\u0131z g\u00fczel  g\u00fcnler diliyoruz  Sevgiler <\/p>\n\n\n\n<p> <strong>Dr. Esma Demirezen \/ AVRUPAPRESS<\/strong><\/p>\n","protected":false},"excerpt":{"rendered":"<p>Baz\u0131 tedaviler var ki her ya\u015ftan, her e\u011fitim d\u00fczeyinden ki\u015fi bir \u015fekilde bir yerlerden duymu\u015ftur, az da olsa bilgi sahibidir. Burun d\u00fczeltme, ya\u011f ald\u0131rma, g\u00f6\u011f\u00fcs esteti\u011fi, kar\u0131n germe vb. bu ameliyatlar aras\u0131ndad\u0131r ancak kafatas\u0131 \u015fekil bozuklu\u011fu d\u00fczeltme \u00e7ok ayr\u0131 bir yere sahiptir. \u0130nsanlar\u0131n b\u00fcy\u00fck bir\u00e7o\u011fu kafatas\u0131 \u015fekil bozuklu\u011funun d\u00fczeltme imk\u00e2n\u0131 oldu\u011funu bilmezler ve sessizce bu [&hellip;]<\/p>\n","protected":false},"author":7,"featured_media":10326,"comment_status":"open","ping_status":"open","sticky":false,"template":"","format":"standard","meta":{"footnotes":""},"categories":[14,16,3,17,18,15,19,2,1],"tags":[5065],"class_list":["post-10554","post","type-post","status-publish","format-standard","has-post-thumbnail","hentry","category-avrupa","category-belcika","category-dunya","category-ekonomi","category-kultur-sanat","category-spor","category-tanitim","category-turkiye","category-uncategorized","tag-az-bilinen-tedaviler-kafatasi-sekil-bozuklugu-duzeltme"],"yoast_head":"<!-- This site is optimized with the Yoast SEO plugin v26.9 - https:\/\/yoast.com\/product\/yoast-seo-wordpress\/ -->\n<title>Az Bilinen Tedaviler \u201c Kafatas\u0131 \u015eekil Bozuklu\u011fu D\u00fczeltme \u201c - AvrupaPress<\/title>\n<meta name=\"robots\" content=\"index, follow, max-snippet:-1, max-image-preview:large, max-video-preview:-1\" \/>\n<link rel=\"canonical\" href=\"https:\/\/avrupapress.com\/2020\/02\/13\/az-bilinen-tedaviler-kafatasi-sekil-bozuklugu-duzeltme\/\" \/>\n<meta property=\"og:locale\" content=\"fr_FR\" \/>\n<meta property=\"og:type\" content=\"article\" \/>\n<meta property=\"og:title\" content=\"Az Bilinen Tedaviler \u201c Kafatas\u0131 \u015eekil Bozuklu\u011fu D\u00fczeltme \u201c - AvrupaPress\" \/>\n<meta property=\"og:description\" content=\"Baz\u0131 tedaviler var ki her ya\u015ftan, her e\u011fitim d\u00fczeyinden ki\u015fi bir \u015fekilde bir yerlerden duymu\u015ftur, az da olsa bilgi sahibidir. Burun d\u00fczeltme, ya\u011f ald\u0131rma, g\u00f6\u011f\u00fcs esteti\u011fi, kar\u0131n germe vb. bu ameliyatlar aras\u0131ndad\u0131r ancak kafatas\u0131 \u015fekil bozuklu\u011fu d\u00fczeltme \u00e7ok ayr\u0131 bir yere sahiptir. \u0130nsanlar\u0131n b\u00fcy\u00fck bir\u00e7o\u011fu kafatas\u0131 \u015fekil bozuklu\u011funun d\u00fczeltme imk\u00e2n\u0131 oldu\u011funu bilmezler ve sessizce bu [&hellip;]\" \/>\n<meta property=\"og:url\" content=\"https:\/\/avrupapress.com\/2020\/02\/13\/az-bilinen-tedaviler-kafatasi-sekil-bozuklugu-duzeltme\/\" \/>\n<meta property=\"og:site_name\" content=\"AvrupaPress\" \/>\n<meta property=\"article:published_time\" content=\"2020-02-13T20:59:24+00:00\" \/>\n<meta property=\"article:modified_time\" content=\"2020-02-16T19:30:32+00:00\" \/>\n<meta property=\"og:image\" content=\"https:\/\/avrupapress.com\/wp-content\/uploads\/2019\/12\/esma-demirezen.jpg\" \/>\n\t<meta property=\"og:image:width\" content=\"567\" \/>\n\t<meta property=\"og:image:height\" content=\"629\" \/>\n\t<meta property=\"og:image:type\" content=\"image\/jpeg\" \/>\n<meta name=\"author\" content=\"Esma Demirezen\" \/>\n<meta name=\"twitter:card\" content=\"summary_large_image\" \/>\n<meta name=\"twitter:label1\" content=\"\u00c9crit par\" \/>\n\t<meta name=\"twitter:data1\" content=\"Esma Demirezen\" \/>\n\t<meta name=\"twitter:label2\" content=\"Dur\u00e9e de lecture est.\" \/>\n\t<meta name=\"twitter:data2\" content=\"3 minutes\" \/>\n<script type=\"application\/ld+json\" class=\"yoast-schema-graph\">{\"@context\":\"https:\/\/schema.org\",\"@graph\":[{\"@type\":\"Article\",\"@id\":\"https:\/\/avrupapress.com\/2020\/02\/13\/az-bilinen-tedaviler-kafatasi-sekil-bozuklugu-duzeltme\/#article\",\"isPartOf\":{\"@id\":\"https:\/\/avrupapress.com\/2020\/02\/13\/az-bilinen-tedaviler-kafatasi-sekil-bozuklugu-duzeltme\/\"},\"author\":{\"name\":\"Esma Demirezen\",\"@id\":\"https:\/\/avrupapress.com\/#\/schema\/person\/b6a2662a119224d7e7659ebb387d4d66\"},\"headline\":\"Az Bilinen Tedaviler \u201c Kafatas\u0131 \u015eekil Bozuklu\u011fu D\u00fczeltme \u201c\",\"datePublished\":\"2020-02-13T20:59:24+00:00\",\"dateModified\":\"2020-02-16T19:30:32+00:00\",\"mainEntityOfPage\":{\"@id\":\"https:\/\/avrupapress.com\/2020\/02\/13\/az-bilinen-tedaviler-kafatasi-sekil-bozuklugu-duzeltme\/\"},\"wordCount\":534,\"commentCount\":0,\"publisher\":{\"@id\":\"https:\/\/avrupapress.com\/#\/schema\/person\/0223dca19c72c43575bf30d1a2d8f4fa\"},\"image\":{\"@id\":\"https:\/\/avrupapress.com\/2020\/02\/13\/az-bilinen-tedaviler-kafatasi-sekil-bozuklugu-duzeltme\/#primaryimage\"},\"thumbnailUrl\":\"https:\/\/avrupapress.com\/main\/wp-content\/uploads\/2019\/12\/esma-demirezen.jpg\",\"keywords\":[\"Az Bilinen Tedaviler \u201c Kafatas\u0131 \u015eekil Bozuklu\u011fu D\u00fczeltme \u201c\"],\"articleSection\":[\"Avrupa\",\"Bel\u00e7ika\",\"D\u00fcnya\",\"Ekonomi\",\"K\u00fclt\u00fcr-Sanat\",\"Spor\",\"Tan\u0131t\u0131m\",\"T\u00fcrkiye\",\"Uncategorized\"],\"inLanguage\":\"fr-BE\",\"potentialAction\":[{\"@type\":\"CommentAction\",\"name\":\"Comment\",\"target\":[\"https:\/\/avrupapress.com\/2020\/02\/13\/az-bilinen-tedaviler-kafatasi-sekil-bozuklugu-duzeltme\/#respond\"]}]},{\"@type\":\"WebPage\",\"@id\":\"https:\/\/avrupapress.com\/2020\/02\/13\/az-bilinen-tedaviler-kafatasi-sekil-bozuklugu-duzeltme\/\",\"url\":\"https:\/\/avrupapress.com\/2020\/02\/13\/az-bilinen-tedaviler-kafatasi-sekil-bozuklugu-duzeltme\/\",\"name\":\"Az Bilinen Tedaviler \u201c Kafatas\u0131 \u015eekil Bozuklu\u011fu D\u00fczeltme \u201c - AvrupaPress\",\"isPartOf\":{\"@id\":\"https:\/\/avrupapress.com\/#website\"},\"primaryImageOfPage\":{\"@id\":\"https:\/\/avrupapress.com\/2020\/02\/13\/az-bilinen-tedaviler-kafatasi-sekil-bozuklugu-duzeltme\/#primaryimage\"},\"image\":{\"@id\":\"https:\/\/avrupapress.com\/2020\/02\/13\/az-bilinen-tedaviler-kafatasi-sekil-bozuklugu-duzeltme\/#primaryimage\"},\"thumbnailUrl\":\"https:\/\/avrupapress.com\/main\/wp-content\/uploads\/2019\/12\/esma-demirezen.jpg\",\"datePublished\":\"2020-02-13T20:59:24+00:00\",\"dateModified\":\"2020-02-16T19:30:32+00:00\",\"breadcrumb\":{\"@id\":\"https:\/\/avrupapress.com\/2020\/02\/13\/az-bilinen-tedaviler-kafatasi-sekil-bozuklugu-duzeltme\/#breadcrumb\"},\"inLanguage\":\"fr-BE\",\"potentialAction\":[{\"@type\":\"ReadAction\",\"target\":[\"https:\/\/avrupapress.com\/2020\/02\/13\/az-bilinen-tedaviler-kafatasi-sekil-bozuklugu-duzeltme\/\"]}]},{\"@type\":\"ImageObject\",\"inLanguage\":\"fr-BE\",\"@id\":\"https:\/\/avrupapress.com\/2020\/02\/13\/az-bilinen-tedaviler-kafatasi-sekil-bozuklugu-duzeltme\/#primaryimage\",\"url\":\"https:\/\/avrupapress.com\/main\/wp-content\/uploads\/2019\/12\/esma-demirezen.jpg\",\"contentUrl\":\"https:\/\/avrupapress.com\/main\/wp-content\/uploads\/2019\/12\/esma-demirezen.jpg\",\"width\":567,\"height\":629},{\"@type\":\"BreadcrumbList\",\"@id\":\"https:\/\/avrupapress.com\/2020\/02\/13\/az-bilinen-tedaviler-kafatasi-sekil-bozuklugu-duzeltme\/#breadcrumb\",\"itemListElement\":[{\"@type\":\"ListItem\",\"position\":1,\"name\":\"Anasayfa\",\"item\":\"https:\/\/avrupapress.com\/\"},{\"@type\":\"ListItem\",\"position\":2,\"name\":\"Az Bilinen Tedaviler \u201c Kafatas\u0131 \u015eekil Bozuklu\u011fu D\u00fczeltme \u201c\"}]},{\"@type\":\"WebSite\",\"@id\":\"https:\/\/avrupapress.com\/#website\",\"url\":\"https:\/\/avrupapress.com\/\",\"name\":\"AvrupaPress\",\"description\":\"Haberin Adresi\",\"publisher\":{\"@id\":\"https:\/\/avrupapress.com\/#\/schema\/person\/0223dca19c72c43575bf30d1a2d8f4fa\"},\"potentialAction\":[{\"@type\":\"SearchAction\",\"target\":{\"@type\":\"EntryPoint\",\"urlTemplate\":\"https:\/\/avrupapress.com\/?s={search_term_string}\"},\"query-input\":{\"@type\":\"PropertyValueSpecification\",\"valueRequired\":true,\"valueName\":\"search_term_string\"}}],\"inLanguage\":\"fr-BE\"},{\"@type\":[\"Person\",\"Organization\"],\"@id\":\"https:\/\/avrupapress.com\/#\/schema\/person\/0223dca19c72c43575bf30d1a2d8f4fa\",\"name\":\"Bilgin \u00d6z\u00e7ift\u00e7i\",\"image\":{\"@type\":\"ImageObject\",\"inLanguage\":\"fr-BE\",\"@id\":\"https:\/\/avrupapress.com\/#\/schema\/person\/image\/\",\"url\":\"https:\/\/secure.gravatar.com\/avatar\/0f23b280433a21e1ea7a0adcc46ed0ad16afe3ad8e630fd13d8a017dcbd54ef3?s=96&d=mm&r=g\",\"contentUrl\":\"https:\/\/secure.gravatar.com\/avatar\/0f23b280433a21e1ea7a0adcc46ed0ad16afe3ad8e630fd13d8a017dcbd54ef3?s=96&d=mm&r=g\",\"caption\":\"Bilgin \u00d6z\u00e7ift\u00e7i\"},\"logo\":{\"@id\":\"https:\/\/avrupapress.com\/#\/schema\/person\/image\/\"},\"description\":\"Ne ben, nede sen... Biz ancak \\\"biz\\\" olursak g\u00fc\u00e7l\u00fc olabiliriz\"},{\"@type\":\"Person\",\"@id\":\"https:\/\/avrupapress.com\/#\/schema\/person\/b6a2662a119224d7e7659ebb387d4d66\",\"name\":\"Esma Demirezen\",\"image\":{\"@type\":\"ImageObject\",\"inLanguage\":\"fr-BE\",\"@id\":\"https:\/\/avrupapress.com\/#\/schema\/person\/image\/\",\"url\":\"https:\/\/secure.gravatar.com\/avatar\/49444b8dab05fd1d91b151913d1f2f8c94f30df82a719ddccf41f6a306ba1027?s=96&d=mm&r=g\",\"contentUrl\":\"https:\/\/secure.gravatar.com\/avatar\/49444b8dab05fd1d91b151913d1f2f8c94f30df82a719ddccf41f6a306ba1027?s=96&d=mm&r=g\",\"caption\":\"Esma Demirezen\"},\"description\":\"Sa\u011fl\u0131kl\u0131, Mutlu , Huzurlu Bir Y\u0131l Olsun ! Yeni y\u0131l\u0131n ba\u015flang\u0131c\u0131na uygun bir \u015fekilde yapmak istedik . Yeni y\u0131l t\u00fcm okurlar\u0131m\u0131za, ailelerine, sevdiklerine , \u00fclkemize ve elbette t\u00fcm D\u00fcnya\u2019ya g\u00fczellikler getirsin. D\u00fcnya Sa\u011fl\u0131k \u00d6rg\u00fct\u00fcn\u00fcn de tan\u0131mlad\u0131\u011f\u0131n\u0131 gibi sa\u011fl\u0131k sadece hastal\u0131k ve sakatl\u0131\u011f\u0131n olmay\u0131\u015f\u0131 de\u011fil , bireyin bedenen, ruhsal ve sosyal y\u00f6nden tam iyilik halinde olmas\u0131d\u0131r. \u0130\u015fte bundan dolay\u0131 \u00f6zellikle 23 y\u0131ll\u0131k halk sa\u011fl\u0131\u011f\u0131 uzmanl\u0131\u011f\u0131 bak\u0131\u015f\u0131 a\u00e7\u0131s\u0131, farkl\u0131 deneyimler \u0131\u015f\u0131nda payla\u015faca\u011f\u0131m\u0131z bir \u00e7ok konu var. Estetik, sa\u00e7 ekimi, kafatas\u0131 \u015fekil bozuklu\u011fu, y\u00fcz asimetrisi , y\u00fcz d\u00fczeltme, kaza cerrahisi, nadir g\u00f6r\u00fclen hastal\u0131klar\u0131n tedavisi, a\u011f\u0131z di\u015f sa\u011fl\u0131\u011f\u0131, y\u00fcksek tansiyon ve kalp hastal\u0131\u011f\u0131 sorunlar\u0131, kolesterol (kan ya\u011flar\u0131) , \u015feker hastal\u0131\u011f\u0131 ( diyabet) , \u015fi\u015fmanl\u0131k ve kilo y\u00f6netimi (diyet ya da mide ameliyatlar ile ) , kanserde erken tan\u0131 , \u00f6zel tedavi y\u00f6ntemleri, ruhsal sorunlar , aile ve \u00e7ift sorunlar\u0131 \u2026 \u00d6zetle hayata , insana dair her \u015fey ! Sizlerin g\u00f6r\u00fc\u015fleri de bizim i\u00e7in \u00f6nemli , dilek ve \u00f6nerilerinizi bize iletmek i\u00e7in bize ula\u015f\u0131n Sa\u011fl\u0131kl\u0131, mutlu, huzurlu g\u00fcnler dile\u011fiyle Dr. Esma Demirezen I.\u00dc. Sa\u011fl\u0131k Bilimleri Fak\u00fcltesi \u00d6\u011fretim \u00dcyesi \u0130.A.\u00dc. Sa\u011fl\u0131k Bilimleri Fak\u00fcltesi \u00d6\u011fretim \u00dcyesi Hygieia Turkey Kurucusu www.hygieiaturkey.com Whatsapp : +905332578594 Email : esmademirezen@avrupapress.com https:\/\/www.instagram.com\/dr.esmademirezen\/ https:\/\/www.facebook.com\/hygieiaturkey\/\",\"sameAs\":[\"http:\/\/www.avrupapress.com\"],\"url\":\"https:\/\/avrupapress.com\/main\/author\/esma\/\"}]}<\/script>\n<!-- \/ Yoast SEO plugin. -->","yoast_head_json":{"title":"Az Bilinen Tedaviler \u201c Kafatas\u0131 \u015eekil Bozuklu\u011fu D\u00fczeltme \u201c - AvrupaPress","robots":{"index":"index","follow":"follow","max-snippet":"max-snippet:-1","max-image-preview":"max-image-preview:large","max-video-preview":"max-video-preview:-1"},"canonical":"https:\/\/avrupapress.com\/2020\/02\/13\/az-bilinen-tedaviler-kafatasi-sekil-bozuklugu-duzeltme\/","og_locale":"fr_FR","og_type":"article","og_title":"Az Bilinen Tedaviler \u201c Kafatas\u0131 \u015eekil Bozuklu\u011fu D\u00fczeltme \u201c - AvrupaPress","og_description":"Baz\u0131 tedaviler var ki her ya\u015ftan, her e\u011fitim d\u00fczeyinden ki\u015fi bir \u015fekilde bir yerlerden duymu\u015ftur, az da olsa bilgi sahibidir. Burun d\u00fczeltme, ya\u011f ald\u0131rma, g\u00f6\u011f\u00fcs esteti\u011fi, kar\u0131n germe vb. bu ameliyatlar aras\u0131ndad\u0131r ancak kafatas\u0131 \u015fekil bozuklu\u011fu d\u00fczeltme \u00e7ok ayr\u0131 bir yere sahiptir. \u0130nsanlar\u0131n b\u00fcy\u00fck bir\u00e7o\u011fu kafatas\u0131 \u015fekil bozuklu\u011funun d\u00fczeltme imk\u00e2n\u0131 oldu\u011funu bilmezler ve sessizce bu [&hellip;]","og_url":"https:\/\/avrupapress.com\/2020\/02\/13\/az-bilinen-tedaviler-kafatasi-sekil-bozuklugu-duzeltme\/","og_site_name":"AvrupaPress","article_published_time":"2020-02-13T20:59:24+00:00","article_modified_time":"2020-02-16T19:30:32+00:00","og_image":[{"width":567,"height":629,"url":"https:\/\/avrupapress.com\/wp-content\/uploads\/2019\/12\/esma-demirezen.jpg","type":"image\/jpeg"}],"author":"Esma Demirezen","twitter_card":"summary_large_image","twitter_misc":{"\u00c9crit par":"Esma Demirezen","Dur\u00e9e de lecture est.":"3 minutes"},"schema":{"@context":"https:\/\/schema.org","@graph":[{"@type":"Article","@id":"https:\/\/avrupapress.com\/2020\/02\/13\/az-bilinen-tedaviler-kafatasi-sekil-bozuklugu-duzeltme\/#article","isPartOf":{"@id":"https:\/\/avrupapress.com\/2020\/02\/13\/az-bilinen-tedaviler-kafatasi-sekil-bozuklugu-duzeltme\/"},"author":{"name":"Esma Demirezen","@id":"https:\/\/avrupapress.com\/#\/schema\/person\/b6a2662a119224d7e7659ebb387d4d66"},"headline":"Az Bilinen Tedaviler \u201c Kafatas\u0131 \u015eekil Bozuklu\u011fu D\u00fczeltme \u201c","datePublished":"2020-02-13T20:59:24+00:00","dateModified":"2020-02-16T19:30:32+00:00","mainEntityOfPage":{"@id":"https:\/\/avrupapress.com\/2020\/02\/13\/az-bilinen-tedaviler-kafatasi-sekil-bozuklugu-duzeltme\/"},"wordCount":534,"commentCount":0,"publisher":{"@id":"https:\/\/avrupapress.com\/#\/schema\/person\/0223dca19c72c43575bf30d1a2d8f4fa"},"image":{"@id":"https:\/\/avrupapress.com\/2020\/02\/13\/az-bilinen-tedaviler-kafatasi-sekil-bozuklugu-duzeltme\/#primaryimage"},"thumbnailUrl":"https:\/\/avrupapress.com\/main\/wp-content\/uploads\/2019\/12\/esma-demirezen.jpg","keywords":["Az Bilinen Tedaviler \u201c Kafatas\u0131 \u015eekil Bozuklu\u011fu D\u00fczeltme \u201c"],"articleSection":["Avrupa","Bel\u00e7ika","D\u00fcnya","Ekonomi","K\u00fclt\u00fcr-Sanat","Spor","Tan\u0131t\u0131m","T\u00fcrkiye","Uncategorized"],"inLanguage":"fr-BE","potentialAction":[{"@type":"CommentAction","name":"Comment","target":["https:\/\/avrupapress.com\/2020\/02\/13\/az-bilinen-tedaviler-kafatasi-sekil-bozuklugu-duzeltme\/#respond"]}]},{"@type":"WebPage","@id":"https:\/\/avrupapress.com\/2020\/02\/13\/az-bilinen-tedaviler-kafatasi-sekil-bozuklugu-duzeltme\/","url":"https:\/\/avrupapress.com\/2020\/02\/13\/az-bilinen-tedaviler-kafatasi-sekil-bozuklugu-duzeltme\/","name":"Az Bilinen Tedaviler \u201c Kafatas\u0131 \u015eekil Bozuklu\u011fu D\u00fczeltme \u201c - AvrupaPress","isPartOf":{"@id":"https:\/\/avrupapress.com\/#website"},"primaryImageOfPage":{"@id":"https:\/\/avrupapress.com\/2020\/02\/13\/az-bilinen-tedaviler-kafatasi-sekil-bozuklugu-duzeltme\/#primaryimage"},"image":{"@id":"https:\/\/avrupapress.com\/2020\/02\/13\/az-bilinen-tedaviler-kafatasi-sekil-bozuklugu-duzeltme\/#primaryimage"},"thumbnailUrl":"https:\/\/avrupapress.com\/main\/wp-content\/uploads\/2019\/12\/esma-demirezen.jpg","datePublished":"2020-02-13T20:59:24+00:00","dateModified":"2020-02-16T19:30:32+00:00","breadcrumb":{"@id":"https:\/\/avrupapress.com\/2020\/02\/13\/az-bilinen-tedaviler-kafatasi-sekil-bozuklugu-duzeltme\/#breadcrumb"},"inLanguage":"fr-BE","potentialAction":[{"@type":"ReadAction","target":["https:\/\/avrupapress.com\/2020\/02\/13\/az-bilinen-tedaviler-kafatasi-sekil-bozuklugu-duzeltme\/"]}]},{"@type":"ImageObject","inLanguage":"fr-BE","@id":"https:\/\/avrupapress.com\/2020\/02\/13\/az-bilinen-tedaviler-kafatasi-sekil-bozuklugu-duzeltme\/#primaryimage","url":"https:\/\/avrupapress.com\/main\/wp-content\/uploads\/2019\/12\/esma-demirezen.jpg","contentUrl":"https:\/\/avrupapress.com\/main\/wp-content\/uploads\/2019\/12\/esma-demirezen.jpg","width":567,"height":629},{"@type":"BreadcrumbList","@id":"https:\/\/avrupapress.com\/2020\/02\/13\/az-bilinen-tedaviler-kafatasi-sekil-bozuklugu-duzeltme\/#breadcrumb","itemListElement":[{"@type":"ListItem","position":1,"name":"Anasayfa","item":"https:\/\/avrupapress.com\/"},{"@type":"ListItem","position":2,"name":"Az Bilinen Tedaviler \u201c Kafatas\u0131 \u015eekil Bozuklu\u011fu D\u00fczeltme \u201c"}]},{"@type":"WebSite","@id":"https:\/\/avrupapress.com\/#website","url":"https:\/\/avrupapress.com\/","name":"AvrupaPress","description":"Haberin Adresi","publisher":{"@id":"https:\/\/avrupapress.com\/#\/schema\/person\/0223dca19c72c43575bf30d1a2d8f4fa"},"potentialAction":[{"@type":"SearchAction","target":{"@type":"EntryPoint","urlTemplate":"https:\/\/avrupapress.com\/?s={search_term_string}"},"query-input":{"@type":"PropertyValueSpecification","valueRequired":true,"valueName":"search_term_string"}}],"inLanguage":"fr-BE"},{"@type":["Person","Organization"],"@id":"https:\/\/avrupapress.com\/#\/schema\/person\/0223dca19c72c43575bf30d1a2d8f4fa","name":"Bilgin \u00d6z\u00e7ift\u00e7i","image":{"@type":"ImageObject","inLanguage":"fr-BE","@id":"https:\/\/avrupapress.com\/#\/schema\/person\/image\/","url":"https:\/\/secure.gravatar.com\/avatar\/0f23b280433a21e1ea7a0adcc46ed0ad16afe3ad8e630fd13d8a017dcbd54ef3?s=96&d=mm&r=g","contentUrl":"https:\/\/secure.gravatar.com\/avatar\/0f23b280433a21e1ea7a0adcc46ed0ad16afe3ad8e630fd13d8a017dcbd54ef3?s=96&d=mm&r=g","caption":"Bilgin \u00d6z\u00e7ift\u00e7i"},"logo":{"@id":"https:\/\/avrupapress.com\/#\/schema\/person\/image\/"},"description":"Ne ben, nede sen... Biz ancak \"biz\" olursak g\u00fc\u00e7l\u00fc olabiliriz"},{"@type":"Person","@id":"https:\/\/avrupapress.com\/#\/schema\/person\/b6a2662a119224d7e7659ebb387d4d66","name":"Esma Demirezen","image":{"@type":"ImageObject","inLanguage":"fr-BE","@id":"https:\/\/avrupapress.com\/#\/schema\/person\/image\/","url":"https:\/\/secure.gravatar.com\/avatar\/49444b8dab05fd1d91b151913d1f2f8c94f30df82a719ddccf41f6a306ba1027?s=96&d=mm&r=g","contentUrl":"https:\/\/secure.gravatar.com\/avatar\/49444b8dab05fd1d91b151913d1f2f8c94f30df82a719ddccf41f6a306ba1027?s=96&d=mm&r=g","caption":"Esma Demirezen"},"description":"Sa\u011fl\u0131kl\u0131, Mutlu , Huzurlu Bir Y\u0131l Olsun ! Yeni y\u0131l\u0131n ba\u015flang\u0131c\u0131na uygun bir \u015fekilde yapmak istedik . Yeni y\u0131l t\u00fcm okurlar\u0131m\u0131za, ailelerine, sevdiklerine , \u00fclkemize ve elbette t\u00fcm D\u00fcnya\u2019ya g\u00fczellikler getirsin. D\u00fcnya Sa\u011fl\u0131k \u00d6rg\u00fct\u00fcn\u00fcn de tan\u0131mlad\u0131\u011f\u0131n\u0131 gibi sa\u011fl\u0131k sadece hastal\u0131k ve sakatl\u0131\u011f\u0131n olmay\u0131\u015f\u0131 de\u011fil , bireyin bedenen, ruhsal ve sosyal y\u00f6nden tam iyilik halinde olmas\u0131d\u0131r. \u0130\u015fte bundan dolay\u0131 \u00f6zellikle 23 y\u0131ll\u0131k halk sa\u011fl\u0131\u011f\u0131 uzmanl\u0131\u011f\u0131 bak\u0131\u015f\u0131 a\u00e7\u0131s\u0131, farkl\u0131 deneyimler \u0131\u015f\u0131nda payla\u015faca\u011f\u0131m\u0131z bir \u00e7ok konu var. Estetik, sa\u00e7 ekimi, kafatas\u0131 \u015fekil bozuklu\u011fu, y\u00fcz asimetrisi , y\u00fcz d\u00fczeltme, kaza cerrahisi, nadir g\u00f6r\u00fclen hastal\u0131klar\u0131n tedavisi, a\u011f\u0131z di\u015f sa\u011fl\u0131\u011f\u0131, y\u00fcksek tansiyon ve kalp hastal\u0131\u011f\u0131 sorunlar\u0131, kolesterol (kan ya\u011flar\u0131) , \u015feker hastal\u0131\u011f\u0131 ( diyabet) , \u015fi\u015fmanl\u0131k ve kilo y\u00f6netimi (diyet ya da mide ameliyatlar ile ) , kanserde erken tan\u0131 , \u00f6zel tedavi y\u00f6ntemleri, ruhsal sorunlar , aile ve \u00e7ift sorunlar\u0131 \u2026 \u00d6zetle hayata , insana dair her \u015fey ! Sizlerin g\u00f6r\u00fc\u015fleri de bizim i\u00e7in \u00f6nemli , dilek ve \u00f6nerilerinizi bize iletmek i\u00e7in bize ula\u015f\u0131n Sa\u011fl\u0131kl\u0131, mutlu, huzurlu g\u00fcnler dile\u011fiyle Dr. Esma Demirezen I.\u00dc. Sa\u011fl\u0131k Bilimleri Fak\u00fcltesi \u00d6\u011fretim \u00dcyesi \u0130.A.\u00dc. Sa\u011fl\u0131k Bilimleri Fak\u00fcltesi \u00d6\u011fretim \u00dcyesi Hygieia Turkey Kurucusu www.hygieiaturkey.com Whatsapp : +905332578594 Email : esmademirezen@avrupapress.com https:\/\/www.instagram.com\/dr.esmademirezen\/ https:\/\/www.facebook.com\/hygieiaturkey\/","sameAs":["http:\/\/www.avrupapress.com"],"url":"https:\/\/avrupapress.com\/main\/author\/esma\/"}]}},"_links":{"self":[{"href":"https:\/\/avrupapress.com\/main\/wp-json\/wp\/v2\/posts\/10554","targetHints":{"allow":["GET"]}}],"collection":[{"href":"https:\/\/avrupapress.com\/main\/wp-json\/wp\/v2\/posts"}],"about":[{"href":"https:\/\/avrupapress.com\/main\/wp-json\/wp\/v2\/types\/post"}],"author":[{"embeddable":true,"href":"https:\/\/avrupapress.com\/main\/wp-json\/wp\/v2\/users\/7"}],"replies":[{"embeddable":true,"href":"https:\/\/avrupapress.com\/main\/wp-json\/wp\/v2\/comments?post=10554"}],"version-history":[{"count":1,"href":"https:\/\/avrupapress.com\/main\/wp-json\/wp\/v2\/posts\/10554\/revisions"}],"predecessor-version":[{"id":10555,"href":"https:\/\/avrupapress.com\/main\/wp-json\/wp\/v2\/posts\/10554\/revisions\/10555"}],"wp:featuredmedia":[{"embeddable":true,"href":"https:\/\/avrupapress.com\/main\/wp-json\/wp\/v2\/media\/10326"}],"wp:attachment":[{"href":"https:\/\/avrupapress.com\/main\/wp-json\/wp\/v2\/media?parent=10554"}],"wp:term":[{"taxonomy":"category","embeddable":true,"href":"https:\/\/avrupapress.com\/main\/wp-json\/wp\/v2\/categories?post=10554"},{"taxonomy":"post_tag","embeddable":true,"href":"https:\/\/avrupapress.com\/main\/wp-json\/wp\/v2\/tags?post=10554"}],"curies":[{"name":"wp","href":"https:\/\/api.w.org\/{rel}","templated":true}]}}