{"id":10543,"date":"2020-02-11T19:30:00","date_gmt":"2020-02-11T19:30:00","guid":{"rendered":"http:\/\/avrupapress.com\/main\/?p=10543"},"modified":"2020-02-11T19:30:02","modified_gmt":"2020-02-11T19:30:02","slug":"bosna-kasabi-bosnali-sirp-general-ratko-mladicin-laheyde-oldu","status":"publish","type":"post","link":"https:\/\/avrupapress.com\/main\/2020\/02\/11\/bosna-kasabi-bosnali-sirp-general-ratko-mladicin-laheyde-oldu\/","title":{"rendered":"\u00ab\u00a0Bosna Kasab\u0131\u00a0\u00bb  Bosnal\u0131 S\u0131rp General Ratko Mladi\u00e7&rsquo;in Lahey&rsquo;de \u00f6ld\u00fc"},"content":{"rendered":"\n<p>\u00a0<strong>\u00ab\u00a0Bosna Kasab\u0131\u00a0\u00bb olarak bilinen Bosnal\u0131 S\u0131rp General Ratko Mladi\u00e7&rsquo;in Lahey&rsquo;de \u00f6ld\u00fc\u011f\u00fc belirtildi.<\/strong> Lahey&rsquo;deki Uluslararas\u0131 Ceza Mahkemesi, Bosnal\u0131 S\u0131rp General Ratko Mladi\u00e7&rsquo;i soyk\u0131r\u0131mdan, insanl\u0131\u011fa kar\u015f\u0131 su\u00e7 i\u015flemekten ve Srebrenitsa katliam\u0131ndan su\u00e7lu bulmu\u015f ve m\u00fcebbet hapis cezas\u0131na \u00e7arpt\u0131rm\u0131\u015ft\u0131. <\/p>\n\n\n\n<p><strong>\u00d6LD\u00dc\u011e\u00dc DO\u011eRULANDI<\/strong><\/p>\n\n\n\n<p> Sosyal medya hesab\u0131 Twitter&rsquo;dan a\u00e7\u0131klama yapan Bosna Hersek D\u0131\u015fi\u015fleri Bakan\u0131 ve Ba\u015fbakan Yard\u0131mc\u0131s\u0131 Bisera Turkovic, Uluslararas\u0131 Adalet Divan\u0131 Ba\u015fkan\u0131 Abdulqawi Ahmed Yusuf&rsquo;un kendisine, \u00ab\u00a0Bosna Kasab\u0131\u00a0\u00bb olarak bilinen 78 ya\u015f\u0131ndaki generalin \u00f6ld\u00fc\u011f\u00fcn\u00fc do\u011frulad\u0131\u011f\u0131n\u0131 kaydetti. <\/p>\n\n\n\n<figure class=\"wp-block-image\"><img decoding=\"async\" src=\"https:\/\/i2.haber7.net\/\/haber\/haber7\/photos\/2020\/07\/E3okj_1581428408_5872.jpg\" alt=\"\"\/><\/figure>\n\n\n\n<p><strong>SIRP BASINI DA DUYURDU: HAP\u0130SHANEDE \u00d6LD\u00dc<\/strong><\/p>\n\n\n\n<p>Turkovic&rsquo;in a\u00e7\u0131klamas\u0131ndan sonra S\u0131rp bas\u0131n\u0131 da Mladi\u00e7&rsquo;in \u00f6l\u00fcm\u00fcn\u00fc son dakika olarak duyurdu. Soyk\u0131r\u0131mc\u0131 generalin Lahey&rsquo;deki hapishanesinde can verdi\u011fi belirtildi.<\/p>\n\n\n\n<p><strong>KATL\u0130AMCI GENERAL<\/strong><\/p>\n\n\n\n<p> 12 Mart 1942&rsquo;de Bosna Hersek&rsquo;in bir k\u00f6y\u00fcnde d\u00fcnyaya gelen Maldi\u00e7, 1992 y\u0131l\u0131nda ba\u015flayan ve 3 y\u0131l s\u00fcren Bosna Sava\u015f\u0131&rsquo;nda binlerce insan\u0131n \u00f6ld\u00fcr\u00fclmesinde, y\u00fczlerce kad\u0131na tecav\u00fcz edilmesinde, yerle\u015fim yerlerinin i\u015fgal edilip kullan\u0131lamaz hale getirilmesinde ve dini mekanlar\u0131n yok edilmesinde etkili rol oynam\u0131\u015ft\u0131. <\/p>\n\n\n\n<p><strong>Bilgin Ozcifci \/ AVRUPAPRESS<\/strong><\/p>\n\n\n\n<p><\/p>\n","protected":false},"excerpt":{"rendered":"<p>\u00a0\u00ab\u00a0Bosna Kasab\u0131\u00a0\u00bb olarak bilinen Bosnal\u0131 S\u0131rp General Ratko Mladi\u00e7&rsquo;in Lahey&rsquo;de \u00f6ld\u00fc\u011f\u00fc belirtildi. Lahey&rsquo;deki Uluslararas\u0131 Ceza Mahkemesi, Bosnal\u0131 S\u0131rp General Ratko Mladi\u00e7&rsquo;i soyk\u0131r\u0131mdan, insanl\u0131\u011fa kar\u015f\u0131 su\u00e7 i\u015flemekten ve Srebrenitsa katliam\u0131ndan su\u00e7lu bulmu\u015f ve m\u00fcebbet hapis cezas\u0131na \u00e7arpt\u0131rm\u0131\u015ft\u0131. \u00d6LD\u00dc\u011e\u00dc DO\u011eRULANDI Sosyal medya hesab\u0131 Twitter&rsquo;dan a\u00e7\u0131klama yapan Bosna Hersek D\u0131\u015fi\u015fleri Bakan\u0131 ve Ba\u015fbakan Yard\u0131mc\u0131s\u0131 Bisera Turkovic, Uluslararas\u0131 Adalet [&hellip;]<\/p>\n","protected":false},"author":3,"featured_media":10544,"comment_status":"closed","ping_status":"open","sticky":false,"template":"","format":"standard","meta":{"footnotes":""},"categories":[14,16,3,17,18,15,19,2,1],"tags":[],"class_list":["post-10543","post","type-post","status-publish","format-standard","has-post-thumbnail","hentry","category-avrupa","category-belcika","category-dunya","category-ekonomi","category-kultur-sanat","category-spor","category-tanitim","category-turkiye","category-uncategorized"],"yoast_head":"<!-- This site is optimized with the Yoast SEO plugin v26.9 - https:\/\/yoast.com\/product\/yoast-seo-wordpress\/ -->\n<title>&quot;Bosna Kasab\u0131&quot; Bosnal\u0131 S\u0131rp General Ratko Mladi\u00e7&#039;in Lahey&#039;de \u00f6ld\u00fc - AvrupaPress<\/title>\n<meta name=\"robots\" content=\"index, follow, max-snippet:-1, max-image-preview:large, max-video-preview:-1\" \/>\n<link rel=\"canonical\" href=\"https:\/\/avrupapress.com\/2020\/02\/11\/bosna-kasabi-bosnali-sirp-general-ratko-mladicin-laheyde-oldu\/\" \/>\n<meta property=\"og:locale\" content=\"fr_FR\" \/>\n<meta property=\"og:type\" content=\"article\" \/>\n<meta property=\"og:title\" content=\"&quot;Bosna Kasab\u0131&quot; Bosnal\u0131 S\u0131rp General Ratko Mladi\u00e7&#039;in Lahey&#039;de \u00f6ld\u00fc - AvrupaPress\" \/>\n<meta property=\"og:description\" content=\"\u00a0\u00ab\u00a0Bosna Kasab\u0131\u00a0\u00bb olarak bilinen Bosnal\u0131 S\u0131rp General Ratko Mladi\u00e7&rsquo;in Lahey&rsquo;de \u00f6ld\u00fc\u011f\u00fc belirtildi. Lahey&rsquo;deki Uluslararas\u0131 Ceza Mahkemesi, Bosnal\u0131 S\u0131rp General Ratko Mladi\u00e7&rsquo;i soyk\u0131r\u0131mdan, insanl\u0131\u011fa kar\u015f\u0131 su\u00e7 i\u015flemekten ve Srebrenitsa katliam\u0131ndan su\u00e7lu bulmu\u015f ve m\u00fcebbet hapis cezas\u0131na \u00e7arpt\u0131rm\u0131\u015ft\u0131. \u00d6LD\u00dc\u011e\u00dc DO\u011eRULANDI Sosyal medya hesab\u0131 Twitter&rsquo;dan a\u00e7\u0131klama yapan Bosna Hersek D\u0131\u015fi\u015fleri Bakan\u0131 ve Ba\u015fbakan Yard\u0131mc\u0131s\u0131 Bisera Turkovic, Uluslararas\u0131 Adalet [&hellip;]\" \/>\n<meta property=\"og:url\" content=\"https:\/\/avrupapress.com\/2020\/02\/11\/bosna-kasabi-bosnali-sirp-general-ratko-mladicin-laheyde-oldu\/\" \/>\n<meta property=\"og:site_name\" content=\"AvrupaPress\" \/>\n<meta property=\"article:published_time\" content=\"2020-02-11T19:30:00+00:00\" \/>\n<meta property=\"article:modified_time\" content=\"2020-02-11T19:30:02+00:00\" \/>\n<meta property=\"og:image\" content=\"https:\/\/avrupapress.com\/wp-content\/uploads\/2020\/02\/son_dakika_haberi_ratko_mladic_oldu_1581429009_849.jpg\" \/>\n\t<meta property=\"og:image:width\" content=\"620\" \/>\n\t<meta property=\"og:image:height\" content=\"360\" \/>\n\t<meta property=\"og:image:type\" content=\"image\/jpeg\" \/>\n<meta name=\"author\" content=\"Edit\u00f6r\" \/>\n<meta name=\"twitter:card\" content=\"summary_large_image\" \/>\n<meta name=\"twitter:label1\" content=\"\u00c9crit par\" \/>\n\t<meta name=\"twitter:data1\" content=\"Edit\u00f6r\" \/>\n\t<meta name=\"twitter:label2\" content=\"Dur\u00e9e de lecture est.\" \/>\n\t<meta name=\"twitter:data2\" content=\"1 minute\" \/>\n<script type=\"application\/ld+json\" class=\"yoast-schema-graph\">{\"@context\":\"https:\/\/schema.org\",\"@graph\":[{\"@type\":\"Article\",\"@id\":\"https:\/\/avrupapress.com\/2020\/02\/11\/bosna-kasabi-bosnali-sirp-general-ratko-mladicin-laheyde-oldu\/#article\",\"isPartOf\":{\"@id\":\"https:\/\/avrupapress.com\/2020\/02\/11\/bosna-kasabi-bosnali-sirp-general-ratko-mladicin-laheyde-oldu\/\"},\"author\":{\"name\":\"Edit\u00f6r\",\"@id\":\"https:\/\/avrupapress.com\/#\/schema\/person\/68428444ec60970d1e1b700cf4ca1e8f\"},\"headline\":\"\u00ab\u00a0Bosna Kasab\u0131\u00a0\u00bb Bosnal\u0131 S\u0131rp General Ratko Mladi\u00e7&rsquo;in Lahey&rsquo;de \u00f6ld\u00fc\",\"datePublished\":\"2020-02-11T19:30:00+00:00\",\"dateModified\":\"2020-02-11T19:30:02+00:00\",\"mainEntityOfPage\":{\"@id\":\"https:\/\/avrupapress.com\/2020\/02\/11\/bosna-kasabi-bosnali-sirp-general-ratko-mladicin-laheyde-oldu\/\"},\"wordCount\":207,\"publisher\":{\"@id\":\"https:\/\/avrupapress.com\/#\/schema\/person\/0223dca19c72c43575bf30d1a2d8f4fa\"},\"image\":{\"@id\":\"https:\/\/avrupapress.com\/2020\/02\/11\/bosna-kasabi-bosnali-sirp-general-ratko-mladicin-laheyde-oldu\/#primaryimage\"},\"thumbnailUrl\":\"https:\/\/avrupapress.com\/main\/wp-content\/uploads\/2020\/02\/son_dakika_haberi_ratko_mladic_oldu_1581429009_849.jpg\",\"articleSection\":[\"Avrupa\",\"Bel\u00e7ika\",\"D\u00fcnya\",\"Ekonomi\",\"K\u00fclt\u00fcr-Sanat\",\"Spor\",\"Tan\u0131t\u0131m\",\"T\u00fcrkiye\",\"Uncategorized\"],\"inLanguage\":\"fr-BE\"},{\"@type\":\"WebPage\",\"@id\":\"https:\/\/avrupapress.com\/2020\/02\/11\/bosna-kasabi-bosnali-sirp-general-ratko-mladicin-laheyde-oldu\/\",\"url\":\"https:\/\/avrupapress.com\/2020\/02\/11\/bosna-kasabi-bosnali-sirp-general-ratko-mladicin-laheyde-oldu\/\",\"name\":\"\\\"Bosna Kasab\u0131\\\" Bosnal\u0131 S\u0131rp General Ratko Mladi\u00e7'in Lahey'de \u00f6ld\u00fc - AvrupaPress\",\"isPartOf\":{\"@id\":\"https:\/\/avrupapress.com\/#website\"},\"primaryImageOfPage\":{\"@id\":\"https:\/\/avrupapress.com\/2020\/02\/11\/bosna-kasabi-bosnali-sirp-general-ratko-mladicin-laheyde-oldu\/#primaryimage\"},\"image\":{\"@id\":\"https:\/\/avrupapress.com\/2020\/02\/11\/bosna-kasabi-bosnali-sirp-general-ratko-mladicin-laheyde-oldu\/#primaryimage\"},\"thumbnailUrl\":\"https:\/\/avrupapress.com\/main\/wp-content\/uploads\/2020\/02\/son_dakika_haberi_ratko_mladic_oldu_1581429009_849.jpg\",\"datePublished\":\"2020-02-11T19:30:00+00:00\",\"dateModified\":\"2020-02-11T19:30:02+00:00\",\"breadcrumb\":{\"@id\":\"https:\/\/avrupapress.com\/2020\/02\/11\/bosna-kasabi-bosnali-sirp-general-ratko-mladicin-laheyde-oldu\/#breadcrumb\"},\"inLanguage\":\"fr-BE\",\"potentialAction\":[{\"@type\":\"ReadAction\",\"target\":[\"https:\/\/avrupapress.com\/2020\/02\/11\/bosna-kasabi-bosnali-sirp-general-ratko-mladicin-laheyde-oldu\/\"]}]},{\"@type\":\"ImageObject\",\"inLanguage\":\"fr-BE\",\"@id\":\"https:\/\/avrupapress.com\/2020\/02\/11\/bosna-kasabi-bosnali-sirp-general-ratko-mladicin-laheyde-oldu\/#primaryimage\",\"url\":\"https:\/\/avrupapress.com\/main\/wp-content\/uploads\/2020\/02\/son_dakika_haberi_ratko_mladic_oldu_1581429009_849.jpg\",\"contentUrl\":\"https:\/\/avrupapress.com\/main\/wp-content\/uploads\/2020\/02\/son_dakika_haberi_ratko_mladic_oldu_1581429009_849.jpg\",\"width\":620,\"height\":360},{\"@type\":\"BreadcrumbList\",\"@id\":\"https:\/\/avrupapress.com\/2020\/02\/11\/bosna-kasabi-bosnali-sirp-general-ratko-mladicin-laheyde-oldu\/#breadcrumb\",\"itemListElement\":[{\"@type\":\"ListItem\",\"position\":1,\"name\":\"Anasayfa\",\"item\":\"https:\/\/avrupapress.com\/\"},{\"@type\":\"ListItem\",\"position\":2,\"name\":\"&#8220;Bosna Kasab\u0131&#8221; Bosnal\u0131 S\u0131rp General Ratko Mladi\u00e7&#8217;in Lahey&#8217;de \u00f6ld\u00fc\"}]},{\"@type\":\"WebSite\",\"@id\":\"https:\/\/avrupapress.com\/#website\",\"url\":\"https:\/\/avrupapress.com\/\",\"name\":\"AvrupaPress\",\"description\":\"Haberin Adresi\",\"publisher\":{\"@id\":\"https:\/\/avrupapress.com\/#\/schema\/person\/0223dca19c72c43575bf30d1a2d8f4fa\"},\"potentialAction\":[{\"@type\":\"SearchAction\",\"target\":{\"@type\":\"EntryPoint\",\"urlTemplate\":\"https:\/\/avrupapress.com\/?s={search_term_string}\"},\"query-input\":{\"@type\":\"PropertyValueSpecification\",\"valueRequired\":true,\"valueName\":\"search_term_string\"}}],\"inLanguage\":\"fr-BE\"},{\"@type\":[\"Person\",\"Organization\"],\"@id\":\"https:\/\/avrupapress.com\/#\/schema\/person\/0223dca19c72c43575bf30d1a2d8f4fa\",\"name\":\"Bilgin \u00d6z\u00e7ift\u00e7i\",\"image\":{\"@type\":\"ImageObject\",\"inLanguage\":\"fr-BE\",\"@id\":\"https:\/\/avrupapress.com\/#\/schema\/person\/image\/\",\"url\":\"https:\/\/secure.gravatar.com\/avatar\/0f23b280433a21e1ea7a0adcc46ed0ad16afe3ad8e630fd13d8a017dcbd54ef3?s=96&d=mm&r=g\",\"contentUrl\":\"https:\/\/secure.gravatar.com\/avatar\/0f23b280433a21e1ea7a0adcc46ed0ad16afe3ad8e630fd13d8a017dcbd54ef3?s=96&d=mm&r=g\",\"caption\":\"Bilgin \u00d6z\u00e7ift\u00e7i\"},\"logo\":{\"@id\":\"https:\/\/avrupapress.com\/#\/schema\/person\/image\/\"},\"description\":\"Ne ben, nede sen... Biz ancak \\\"biz\\\" olursak g\u00fc\u00e7l\u00fc olabiliriz\"},{\"@type\":\"Person\",\"@id\":\"https:\/\/avrupapress.com\/#\/schema\/person\/68428444ec60970d1e1b700cf4ca1e8f\",\"name\":\"Edit\u00f6r\",\"image\":{\"@type\":\"ImageObject\",\"inLanguage\":\"fr-BE\",\"@id\":\"https:\/\/avrupapress.com\/#\/schema\/person\/image\/\",\"url\":\"https:\/\/secure.gravatar.com\/avatar\/74996b0977aa5f1559ba9883776652508b229005c0d78fb2597897f0bd651c09?s=96&d=mm&r=g\",\"contentUrl\":\"https:\/\/secure.gravatar.com\/avatar\/74996b0977aa5f1559ba9883776652508b229005c0d78fb2597897f0bd651c09?s=96&d=mm&r=g\",\"caption\":\"Edit\u00f6r\"},\"sameAs\":[\"http:\/\/www.avrupapress.com\"],\"url\":\"https:\/\/avrupapress.com\/main\/author\/editor\/\"}]}<\/script>\n<!-- \/ Yoast SEO plugin. -->","yoast_head_json":{"title":"\"Bosna Kasab\u0131\" Bosnal\u0131 S\u0131rp General Ratko Mladi\u00e7'in Lahey'de \u00f6ld\u00fc - AvrupaPress","robots":{"index":"index","follow":"follow","max-snippet":"max-snippet:-1","max-image-preview":"max-image-preview:large","max-video-preview":"max-video-preview:-1"},"canonical":"https:\/\/avrupapress.com\/2020\/02\/11\/bosna-kasabi-bosnali-sirp-general-ratko-mladicin-laheyde-oldu\/","og_locale":"fr_FR","og_type":"article","og_title":"\"Bosna Kasab\u0131\" Bosnal\u0131 S\u0131rp General Ratko Mladi\u00e7'in Lahey'de \u00f6ld\u00fc - AvrupaPress","og_description":"\u00a0\u00ab\u00a0Bosna Kasab\u0131\u00a0\u00bb olarak bilinen Bosnal\u0131 S\u0131rp General Ratko Mladi\u00e7&rsquo;in Lahey&rsquo;de \u00f6ld\u00fc\u011f\u00fc belirtildi. Lahey&rsquo;deki Uluslararas\u0131 Ceza Mahkemesi, Bosnal\u0131 S\u0131rp General Ratko Mladi\u00e7&rsquo;i soyk\u0131r\u0131mdan, insanl\u0131\u011fa kar\u015f\u0131 su\u00e7 i\u015flemekten ve Srebrenitsa katliam\u0131ndan su\u00e7lu bulmu\u015f ve m\u00fcebbet hapis cezas\u0131na \u00e7arpt\u0131rm\u0131\u015ft\u0131. \u00d6LD\u00dc\u011e\u00dc DO\u011eRULANDI Sosyal medya hesab\u0131 Twitter&rsquo;dan a\u00e7\u0131klama yapan Bosna Hersek D\u0131\u015fi\u015fleri Bakan\u0131 ve Ba\u015fbakan Yard\u0131mc\u0131s\u0131 Bisera Turkovic, Uluslararas\u0131 Adalet [&hellip;]","og_url":"https:\/\/avrupapress.com\/2020\/02\/11\/bosna-kasabi-bosnali-sirp-general-ratko-mladicin-laheyde-oldu\/","og_site_name":"AvrupaPress","article_published_time":"2020-02-11T19:30:00+00:00","article_modified_time":"2020-02-11T19:30:02+00:00","og_image":[{"width":620,"height":360,"url":"https:\/\/avrupapress.com\/wp-content\/uploads\/2020\/02\/son_dakika_haberi_ratko_mladic_oldu_1581429009_849.jpg","type":"image\/jpeg"}],"author":"Edit\u00f6r","twitter_card":"summary_large_image","twitter_misc":{"\u00c9crit par":"Edit\u00f6r","Dur\u00e9e de lecture est.":"1 minute"},"schema":{"@context":"https:\/\/schema.org","@graph":[{"@type":"Article","@id":"https:\/\/avrupapress.com\/2020\/02\/11\/bosna-kasabi-bosnali-sirp-general-ratko-mladicin-laheyde-oldu\/#article","isPartOf":{"@id":"https:\/\/avrupapress.com\/2020\/02\/11\/bosna-kasabi-bosnali-sirp-general-ratko-mladicin-laheyde-oldu\/"},"author":{"name":"Edit\u00f6r","@id":"https:\/\/avrupapress.com\/#\/schema\/person\/68428444ec60970d1e1b700cf4ca1e8f"},"headline":"\u00ab\u00a0Bosna Kasab\u0131\u00a0\u00bb Bosnal\u0131 S\u0131rp General Ratko Mladi\u00e7&rsquo;in Lahey&rsquo;de \u00f6ld\u00fc","datePublished":"2020-02-11T19:30:00+00:00","dateModified":"2020-02-11T19:30:02+00:00","mainEntityOfPage":{"@id":"https:\/\/avrupapress.com\/2020\/02\/11\/bosna-kasabi-bosnali-sirp-general-ratko-mladicin-laheyde-oldu\/"},"wordCount":207,"publisher":{"@id":"https:\/\/avrupapress.com\/#\/schema\/person\/0223dca19c72c43575bf30d1a2d8f4fa"},"image":{"@id":"https:\/\/avrupapress.com\/2020\/02\/11\/bosna-kasabi-bosnali-sirp-general-ratko-mladicin-laheyde-oldu\/#primaryimage"},"thumbnailUrl":"https:\/\/avrupapress.com\/main\/wp-content\/uploads\/2020\/02\/son_dakika_haberi_ratko_mladic_oldu_1581429009_849.jpg","articleSection":["Avrupa","Bel\u00e7ika","D\u00fcnya","Ekonomi","K\u00fclt\u00fcr-Sanat","Spor","Tan\u0131t\u0131m","T\u00fcrkiye","Uncategorized"],"inLanguage":"fr-BE"},{"@type":"WebPage","@id":"https:\/\/avrupapress.com\/2020\/02\/11\/bosna-kasabi-bosnali-sirp-general-ratko-mladicin-laheyde-oldu\/","url":"https:\/\/avrupapress.com\/2020\/02\/11\/bosna-kasabi-bosnali-sirp-general-ratko-mladicin-laheyde-oldu\/","name":"\"Bosna Kasab\u0131\" Bosnal\u0131 S\u0131rp General Ratko Mladi\u00e7'in Lahey'de \u00f6ld\u00fc - AvrupaPress","isPartOf":{"@id":"https:\/\/avrupapress.com\/#website"},"primaryImageOfPage":{"@id":"https:\/\/avrupapress.com\/2020\/02\/11\/bosna-kasabi-bosnali-sirp-general-ratko-mladicin-laheyde-oldu\/#primaryimage"},"image":{"@id":"https:\/\/avrupapress.com\/2020\/02\/11\/bosna-kasabi-bosnali-sirp-general-ratko-mladicin-laheyde-oldu\/#primaryimage"},"thumbnailUrl":"https:\/\/avrupapress.com\/main\/wp-content\/uploads\/2020\/02\/son_dakika_haberi_ratko_mladic_oldu_1581429009_849.jpg","datePublished":"2020-02-11T19:30:00+00:00","dateModified":"2020-02-11T19:30:02+00:00","breadcrumb":{"@id":"https:\/\/avrupapress.com\/2020\/02\/11\/bosna-kasabi-bosnali-sirp-general-ratko-mladicin-laheyde-oldu\/#breadcrumb"},"inLanguage":"fr-BE","potentialAction":[{"@type":"ReadAction","target":["https:\/\/avrupapress.com\/2020\/02\/11\/bosna-kasabi-bosnali-sirp-general-ratko-mladicin-laheyde-oldu\/"]}]},{"@type":"ImageObject","inLanguage":"fr-BE","@id":"https:\/\/avrupapress.com\/2020\/02\/11\/bosna-kasabi-bosnali-sirp-general-ratko-mladicin-laheyde-oldu\/#primaryimage","url":"https:\/\/avrupapress.com\/main\/wp-content\/uploads\/2020\/02\/son_dakika_haberi_ratko_mladic_oldu_1581429009_849.jpg","contentUrl":"https:\/\/avrupapress.com\/main\/wp-content\/uploads\/2020\/02\/son_dakika_haberi_ratko_mladic_oldu_1581429009_849.jpg","width":620,"height":360},{"@type":"BreadcrumbList","@id":"https:\/\/avrupapress.com\/2020\/02\/11\/bosna-kasabi-bosnali-sirp-general-ratko-mladicin-laheyde-oldu\/#breadcrumb","itemListElement":[{"@type":"ListItem","position":1,"name":"Anasayfa","item":"https:\/\/avrupapress.com\/"},{"@type":"ListItem","position":2,"name":"&#8220;Bosna Kasab\u0131&#8221; Bosnal\u0131 S\u0131rp General Ratko Mladi\u00e7&#8217;in Lahey&#8217;de \u00f6ld\u00fc"}]},{"@type":"WebSite","@id":"https:\/\/avrupapress.com\/#website","url":"https:\/\/avrupapress.com\/","name":"AvrupaPress","description":"Haberin Adresi","publisher":{"@id":"https:\/\/avrupapress.com\/#\/schema\/person\/0223dca19c72c43575bf30d1a2d8f4fa"},"potentialAction":[{"@type":"SearchAction","target":{"@type":"EntryPoint","urlTemplate":"https:\/\/avrupapress.com\/?s={search_term_string}"},"query-input":{"@type":"PropertyValueSpecification","valueRequired":true,"valueName":"search_term_string"}}],"inLanguage":"fr-BE"},{"@type":["Person","Organization"],"@id":"https:\/\/avrupapress.com\/#\/schema\/person\/0223dca19c72c43575bf30d1a2d8f4fa","name":"Bilgin \u00d6z\u00e7ift\u00e7i","image":{"@type":"ImageObject","inLanguage":"fr-BE","@id":"https:\/\/avrupapress.com\/#\/schema\/person\/image\/","url":"https:\/\/secure.gravatar.com\/avatar\/0f23b280433a21e1ea7a0adcc46ed0ad16afe3ad8e630fd13d8a017dcbd54ef3?s=96&d=mm&r=g","contentUrl":"https:\/\/secure.gravatar.com\/avatar\/0f23b280433a21e1ea7a0adcc46ed0ad16afe3ad8e630fd13d8a017dcbd54ef3?s=96&d=mm&r=g","caption":"Bilgin \u00d6z\u00e7ift\u00e7i"},"logo":{"@id":"https:\/\/avrupapress.com\/#\/schema\/person\/image\/"},"description":"Ne ben, nede sen... Biz ancak \"biz\" olursak g\u00fc\u00e7l\u00fc olabiliriz"},{"@type":"Person","@id":"https:\/\/avrupapress.com\/#\/schema\/person\/68428444ec60970d1e1b700cf4ca1e8f","name":"Edit\u00f6r","image":{"@type":"ImageObject","inLanguage":"fr-BE","@id":"https:\/\/avrupapress.com\/#\/schema\/person\/image\/","url":"https:\/\/secure.gravatar.com\/avatar\/74996b0977aa5f1559ba9883776652508b229005c0d78fb2597897f0bd651c09?s=96&d=mm&r=g","contentUrl":"https:\/\/secure.gravatar.com\/avatar\/74996b0977aa5f1559ba9883776652508b229005c0d78fb2597897f0bd651c09?s=96&d=mm&r=g","caption":"Edit\u00f6r"},"sameAs":["http:\/\/www.avrupapress.com"],"url":"https:\/\/avrupapress.com\/main\/author\/editor\/"}]}},"_links":{"self":[{"href":"https:\/\/avrupapress.com\/main\/wp-json\/wp\/v2\/posts\/10543","targetHints":{"allow":["GET"]}}],"collection":[{"href":"https:\/\/avrupapress.com\/main\/wp-json\/wp\/v2\/posts"}],"about":[{"href":"https:\/\/avrupapress.com\/main\/wp-json\/wp\/v2\/types\/post"}],"author":[{"embeddable":true,"href":"https:\/\/avrupapress.com\/main\/wp-json\/wp\/v2\/users\/3"}],"replies":[{"embeddable":true,"href":"https:\/\/avrupapress.com\/main\/wp-json\/wp\/v2\/comments?post=10543"}],"version-history":[{"count":1,"href":"https:\/\/avrupapress.com\/main\/wp-json\/wp\/v2\/posts\/10543\/revisions"}],"predecessor-version":[{"id":10545,"href":"https:\/\/avrupapress.com\/main\/wp-json\/wp\/v2\/posts\/10543\/revisions\/10545"}],"wp:featuredmedia":[{"embeddable":true,"href":"https:\/\/avrupapress.com\/main\/wp-json\/wp\/v2\/media\/10544"}],"wp:attachment":[{"href":"https:\/\/avrupapress.com\/main\/wp-json\/wp\/v2\/media?parent=10543"}],"wp:term":[{"taxonomy":"category","embeddable":true,"href":"https:\/\/avrupapress.com\/main\/wp-json\/wp\/v2\/categories?post=10543"},{"taxonomy":"post_tag","embeddable":true,"href":"https:\/\/avrupapress.com\/main\/wp-json\/wp\/v2\/tags?post=10543"}],"curies":[{"name":"wp","href":"https:\/\/api.w.org\/{rel}","templated":true}]}}