{"id":10540,"date":"2020-02-09T22:42:52","date_gmt":"2020-02-09T22:42:52","guid":{"rendered":"http:\/\/avrupapress.com\/main\/?p=10540"},"modified":"2020-02-09T22:42:54","modified_gmt":"2020-02-09T22:42:54","slug":"ciara-firtinasi-belcikada-hayati-durdurdu","status":"publish","type":"post","link":"https:\/\/avrupapress.com\/main\/2020\/02\/09\/ciara-firtinasi-belcikada-hayati-durdurdu\/","title":{"rendered":"Ciara f\u0131rt\u0131nas\u0131 Belcika&rsquo;da hayat\u0131 durdurdu"},"content":{"rendered":"\n<p><strong>Bel\u00e7ika genelinde etkili olan Ciara f\u0131rt\u0131nas\u0131 nedeniyle Br\u00fcksel Havaliman\u0131&rsquo;nda \u00e7ok say\u0131da \u015firket u\u00e7u\u015flar\u0131n\u0131 iptal etti.<\/strong><\/p>\n\n\n\n<p> G\u00fcneybat\u0131 f\u0131rt\u0131nas\u0131 Ciara, \u00e7ok g\u00fc\u00e7l\u00fc r\u00fczgarlarla \u00fclke \u00fczerinde dola\u015f\u0131yor. Beklenti, sahildeki r\u00fczgar\u0131n  \u00f6n\u00fcm\u00fczdeki saatlerde azalaca\u011f\u0131, ancak i\u00e7 k\u0131s\u0131mlar\u0131n hala en a\u011f\u0131r r\u00fczgarlara sahip olaca\u011f\u0131d\u0131r. \u015eiddetli  ya\u011fmurlar s\u0131ras\u0131nda r\u00fczgar, saatte 120 ila muhtemelen 130 km&rsquo;lik r\u00fczgarlarla yerel olarak \u00e7ok sert  esebilir. Ani h\u0131z art\u0131\u015f\u0131 nedeniyle hasar ka\u00e7\u0131n\u0131lmazd\u0131r. Ya\u011fmur b\u00f6lgesi ge\u00e7ti\u011finde r\u00fczgar kuvvetlenmeye  ba\u015flar. Bu geceye kadar s\u00fcrebilir. \u0130l ba\u015f\u0131na d\u00fc\u015fen f\u0131rt\u0131na hasar\u0131na ge\u00e7ici bir bak\u0131\u015f. Do\u011fu Flaman b\u00f6lgesi &#8211; Waasland b\u00f6lgesi: Waasmunster&rsquo;daki bir kad\u0131n, Ciara f\u0131rt\u0131nas\u0131nda Bel\u00e7ika\u2019da ilk yaral\u0131 olarak  kay\u0131tlara ge\u00e7ti. Grote Baan&rsquo;daki bir evin sakinleri, arabas\u0131na binmek \u00fczereyken arac\u0131n \u00fczerine b\u00fcy\u00fck bir a\u011fac\u0131n d\u00fc\u015fmesinden dolay\u0131 kad\u0131n b\u00fcy\u00fck bir kafa travmas\u0131 ve birka\u00e7 k\u0131r\u0131kla kurtuldu. &#8211; Gent&rsquo;te, Gasmeterlaan&rsquo;da bir binan\u0131n iskelesi tamamen devrildi. Hi\u00e7 kimse yaralanmad\u0131. Olay filme  al\u0131nd\u0131. iskele, Michel Van den Brande&rsquo;nin \u015firketi Kontrimo taraf\u0131ndan yerle\u015ftirilmi\u015fti. &#8211; Bu ana kadar Meetjesland&rsquo;daki itfaiye te\u015fkilat\u0131 yakla\u015f\u0131k 150 \u00e7a\u011fr\u0131 ald\u0131. Assenede Schare&rsquo;deki bir a\u011fa\u00e7 \u00fczerine d\u00fc\u015ft\u00fc\u011f\u00fc eve b\u00fcy\u00fck zarar verdi. Ve Lievegem&rsquo;de yeni in\u015fa edilen bir binan\u0131n \u00e7at\u0131s\u0131 r\u00fczgar  taraf\u0131ndan u\u00e7uruldu.  &#8211; Denderstreek b\u00f6lgesi: Lierde&rsquo;de, spor salonunun kubbesi kuvvetli r\u00fczgar nedeniyle yerinden oynad\u0131. Antwerp eyaleti &#8211; Antwerp Sol K\u0131y\u0131s\u0131ndaki Ciara, A\u011fustos Vermeylenlaan&rsquo;da bir apartman\u0131n \u00e7at\u0131s\u0131n\u0131n kaplamas\u0131 havaya u\u00e7urdu. Antwerp itfaiye \u015fu ana kadar 400 \u00e7a\u011fr\u0131 ald\u0131. Turnhoutsebaan&rsquo;da r\u00fczg\u00e2rdan yerinden  s\u00f6k\u00fclen \u00e7at\u0131 par\u00e7alar\u0131 tramvay yollar\u0131na d\u00fc\u015ft\u00fc\u011f\u00fcnden dolay\u0131 yollar trafi\u011fe kapat\u0131ld\u0131. Schijnpoortweg  de bir s\u00fcre trafikten men edildi. Yeni yaya k\u00f6pr\u00fcs\u00fcn\u00fcn iskelesi de tehlikeli bulundu. &#8211; Mechelen b\u00f6lgesi: Sint-Katelijne-Waver&rsquo;daki Walemstraat&rsquo;ta, yap\u0131m a\u015famas\u0131nda olan bir evin  cephesinin bir k\u0131sm\u0131 havaya u\u00e7tu. Wintam&rsquo;daki (Bornem) Nattenhaasdonkstraat&rsquo;ta eski bir deponun  duvar\u0131 patlad\u0131. &#8211; Turnhout: Taxandria itfaiye b\u00f6lgesinde, Turnhout&rsquo;u kapsayan b\u00f6lge ve etraf\u0131ndaki b\u00f6lgelerde telefonlar susmay\u0131 bilmedi. Ak\u015fam saat 7 civar\u0131nda, \u00e7a\u011fr\u0131 say\u0131s\u0131 100&rsquo;\u00fcn \u00fczerindeydi. Flaman Brabant ve Br\u00fcksel &#8211; Leuven b\u00f6lgesi: bir evde f\u0131rt\u0131na hasar\u0131 oldu\u011fundan ve tehlike olu\u015fturdu\u011fundan dolay\u0131 Herent&rsquo;te ki  N26 (Mechelsesteenweg) Pazartesi \u00f6\u011fleden sonraya kadar her iki y\u00f6nde de tamamen kapal\u0131 kalacak.  Ge\u00e7ici bir sapt\u0131rma sa\u011flanacakt\u0131r.  &#8211; Cephenin bir k\u0131sm\u0131 Br\u00fcksel&rsquo;deki Zuidlaan&rsquo;a d\u00fc\u015ft\u00fc. &#8211; Hageland: Vissenaken&rsquo;de (Tienen) yap\u0131m a\u015famas\u0131nda olan bir evin \u00e7at\u0131s\u0131 b\u00fcy\u00fck \u00f6l\u00e7\u00fcde yerinden  oynad\u0131. Bat\u0131 Flandre &#8211; Kortrijk \u00e7evresindeki Leie b\u00f6lgesinde itfaiye, kiremitlerin ve d\u00fc\u015fen a\u011fa\u00e7lar\u0131n kald\u0131r\u0131lmas\u0131yla  u\u011fra\u015f\u0131yor. Ak\u015fam itfaiye te\u015fkilatlar\u0131na yap\u0131lan \u00e7a\u011fr\u0131 say\u0131s\u0131 200&rsquo;\u00fcn \u00fczerindeydi. <\/p>\n\n\n\n<p><strong>Oznur Barlas \/ AVRUPAPRESS<\/strong><\/p>\n","protected":false},"excerpt":{"rendered":"<p>Bel\u00e7ika genelinde etkili olan Ciara f\u0131rt\u0131nas\u0131 nedeniyle Br\u00fcksel Havaliman\u0131&rsquo;nda \u00e7ok say\u0131da \u015firket u\u00e7u\u015flar\u0131n\u0131 iptal etti. G\u00fcneybat\u0131 f\u0131rt\u0131nas\u0131 Ciara, \u00e7ok g\u00fc\u00e7l\u00fc r\u00fczgarlarla \u00fclke \u00fczerinde dola\u015f\u0131yor. Beklenti, sahildeki r\u00fczgar\u0131n \u00f6n\u00fcm\u00fczdeki saatlerde azalaca\u011f\u0131, ancak i\u00e7 k\u0131s\u0131mlar\u0131n hala en a\u011f\u0131r r\u00fczgarlara sahip olaca\u011f\u0131d\u0131r. \u015eiddetli ya\u011fmurlar s\u0131ras\u0131nda r\u00fczgar, saatte 120 ila muhtemelen 130 km&rsquo;lik r\u00fczgarlarla yerel olarak \u00e7ok sert esebilir. [&hellip;]<\/p>\n","protected":false},"author":3,"featured_media":10541,"comment_status":"closed","ping_status":"open","sticky":false,"template":"","format":"standard","meta":{"footnotes":""},"categories":[14,16,3,17,18,15,19,2,1],"tags":[],"class_list":["post-10540","post","type-post","status-publish","format-standard","has-post-thumbnail","hentry","category-avrupa","category-belcika","category-dunya","category-ekonomi","category-kultur-sanat","category-spor","category-tanitim","category-turkiye","category-uncategorized"],"yoast_head":"<!-- This site is optimized with the Yoast SEO plugin v26.9 - https:\/\/yoast.com\/product\/yoast-seo-wordpress\/ -->\n<title>Ciara f\u0131rt\u0131nas\u0131 Belcika&#039;da hayat\u0131 durdurdu - AvrupaPress<\/title>\n<meta name=\"robots\" content=\"index, follow, max-snippet:-1, max-image-preview:large, max-video-preview:-1\" \/>\n<link rel=\"canonical\" href=\"https:\/\/avrupapress.com\/2020\/02\/09\/ciara-firtinasi-belcikada-hayati-durdurdu\/\" \/>\n<meta property=\"og:locale\" content=\"fr_FR\" \/>\n<meta property=\"og:type\" content=\"article\" \/>\n<meta property=\"og:title\" content=\"Ciara f\u0131rt\u0131nas\u0131 Belcika&#039;da hayat\u0131 durdurdu - AvrupaPress\" \/>\n<meta property=\"og:description\" content=\"Bel\u00e7ika genelinde etkili olan Ciara f\u0131rt\u0131nas\u0131 nedeniyle Br\u00fcksel Havaliman\u0131&rsquo;nda \u00e7ok say\u0131da \u015firket u\u00e7u\u015flar\u0131n\u0131 iptal etti. G\u00fcneybat\u0131 f\u0131rt\u0131nas\u0131 Ciara, \u00e7ok g\u00fc\u00e7l\u00fc r\u00fczgarlarla \u00fclke \u00fczerinde dola\u015f\u0131yor. Beklenti, sahildeki r\u00fczgar\u0131n \u00f6n\u00fcm\u00fczdeki saatlerde azalaca\u011f\u0131, ancak i\u00e7 k\u0131s\u0131mlar\u0131n hala en a\u011f\u0131r r\u00fczgarlara sahip olaca\u011f\u0131d\u0131r. \u015eiddetli ya\u011fmurlar s\u0131ras\u0131nda r\u00fczgar, saatte 120 ila muhtemelen 130 km&rsquo;lik r\u00fczgarlarla yerel olarak \u00e7ok sert esebilir. [&hellip;]\" \/>\n<meta property=\"og:url\" content=\"https:\/\/avrupapress.com\/2020\/02\/09\/ciara-firtinasi-belcikada-hayati-durdurdu\/\" \/>\n<meta property=\"og:site_name\" content=\"AvrupaPress\" \/>\n<meta property=\"article:published_time\" content=\"2020-02-09T22:42:52+00:00\" \/>\n<meta property=\"article:modified_time\" content=\"2020-02-09T22:42:54+00:00\" \/>\n<meta property=\"og:image\" content=\"https:\/\/avrupapress.com\/wp-content\/uploads\/2020\/02\/th-1.jpg\" \/>\n\t<meta property=\"og:image:width\" content=\"300\" \/>\n\t<meta property=\"og:image:height\" content=\"168\" \/>\n\t<meta property=\"og:image:type\" content=\"image\/jpeg\" \/>\n<meta name=\"author\" content=\"Edit\u00f6r\" \/>\n<meta name=\"twitter:card\" content=\"summary_large_image\" \/>\n<meta name=\"twitter:label1\" content=\"\u00c9crit par\" \/>\n\t<meta name=\"twitter:data1\" content=\"Edit\u00f6r\" \/>\n\t<meta name=\"twitter:label2\" content=\"Dur\u00e9e de lecture est.\" \/>\n\t<meta name=\"twitter:data2\" content=\"3 minutes\" \/>\n<script type=\"application\/ld+json\" class=\"yoast-schema-graph\">{\"@context\":\"https:\/\/schema.org\",\"@graph\":[{\"@type\":\"Article\",\"@id\":\"https:\/\/avrupapress.com\/2020\/02\/09\/ciara-firtinasi-belcikada-hayati-durdurdu\/#article\",\"isPartOf\":{\"@id\":\"https:\/\/avrupapress.com\/2020\/02\/09\/ciara-firtinasi-belcikada-hayati-durdurdu\/\"},\"author\":{\"name\":\"Edit\u00f6r\",\"@id\":\"https:\/\/avrupapress.com\/#\/schema\/person\/68428444ec60970d1e1b700cf4ca1e8f\"},\"headline\":\"Ciara f\u0131rt\u0131nas\u0131 Belcika&rsquo;da hayat\u0131 durdurdu\",\"datePublished\":\"2020-02-09T22:42:52+00:00\",\"dateModified\":\"2020-02-09T22:42:54+00:00\",\"mainEntityOfPage\":{\"@id\":\"https:\/\/avrupapress.com\/2020\/02\/09\/ciara-firtinasi-belcikada-hayati-durdurdu\/\"},\"wordCount\":535,\"publisher\":{\"@id\":\"https:\/\/avrupapress.com\/#\/schema\/person\/0223dca19c72c43575bf30d1a2d8f4fa\"},\"image\":{\"@id\":\"https:\/\/avrupapress.com\/2020\/02\/09\/ciara-firtinasi-belcikada-hayati-durdurdu\/#primaryimage\"},\"thumbnailUrl\":\"https:\/\/avrupapress.com\/main\/wp-content\/uploads\/2020\/02\/th-1.jpg\",\"articleSection\":[\"Avrupa\",\"Bel\u00e7ika\",\"D\u00fcnya\",\"Ekonomi\",\"K\u00fclt\u00fcr-Sanat\",\"Spor\",\"Tan\u0131t\u0131m\",\"T\u00fcrkiye\",\"Uncategorized\"],\"inLanguage\":\"fr-BE\"},{\"@type\":\"WebPage\",\"@id\":\"https:\/\/avrupapress.com\/2020\/02\/09\/ciara-firtinasi-belcikada-hayati-durdurdu\/\",\"url\":\"https:\/\/avrupapress.com\/2020\/02\/09\/ciara-firtinasi-belcikada-hayati-durdurdu\/\",\"name\":\"Ciara f\u0131rt\u0131nas\u0131 Belcika'da hayat\u0131 durdurdu - AvrupaPress\",\"isPartOf\":{\"@id\":\"https:\/\/avrupapress.com\/#website\"},\"primaryImageOfPage\":{\"@id\":\"https:\/\/avrupapress.com\/2020\/02\/09\/ciara-firtinasi-belcikada-hayati-durdurdu\/#primaryimage\"},\"image\":{\"@id\":\"https:\/\/avrupapress.com\/2020\/02\/09\/ciara-firtinasi-belcikada-hayati-durdurdu\/#primaryimage\"},\"thumbnailUrl\":\"https:\/\/avrupapress.com\/main\/wp-content\/uploads\/2020\/02\/th-1.jpg\",\"datePublished\":\"2020-02-09T22:42:52+00:00\",\"dateModified\":\"2020-02-09T22:42:54+00:00\",\"breadcrumb\":{\"@id\":\"https:\/\/avrupapress.com\/2020\/02\/09\/ciara-firtinasi-belcikada-hayati-durdurdu\/#breadcrumb\"},\"inLanguage\":\"fr-BE\",\"potentialAction\":[{\"@type\":\"ReadAction\",\"target\":[\"https:\/\/avrupapress.com\/2020\/02\/09\/ciara-firtinasi-belcikada-hayati-durdurdu\/\"]}]},{\"@type\":\"ImageObject\",\"inLanguage\":\"fr-BE\",\"@id\":\"https:\/\/avrupapress.com\/2020\/02\/09\/ciara-firtinasi-belcikada-hayati-durdurdu\/#primaryimage\",\"url\":\"https:\/\/avrupapress.com\/main\/wp-content\/uploads\/2020\/02\/th-1.jpg\",\"contentUrl\":\"https:\/\/avrupapress.com\/main\/wp-content\/uploads\/2020\/02\/th-1.jpg\",\"width\":300,\"height\":168},{\"@type\":\"BreadcrumbList\",\"@id\":\"https:\/\/avrupapress.com\/2020\/02\/09\/ciara-firtinasi-belcikada-hayati-durdurdu\/#breadcrumb\",\"itemListElement\":[{\"@type\":\"ListItem\",\"position\":1,\"name\":\"Anasayfa\",\"item\":\"https:\/\/avrupapress.com\/\"},{\"@type\":\"ListItem\",\"position\":2,\"name\":\"Ciara f\u0131rt\u0131nas\u0131 Belcika&#8217;da hayat\u0131 durdurdu\"}]},{\"@type\":\"WebSite\",\"@id\":\"https:\/\/avrupapress.com\/#website\",\"url\":\"https:\/\/avrupapress.com\/\",\"name\":\"AvrupaPress\",\"description\":\"Haberin Adresi\",\"publisher\":{\"@id\":\"https:\/\/avrupapress.com\/#\/schema\/person\/0223dca19c72c43575bf30d1a2d8f4fa\"},\"potentialAction\":[{\"@type\":\"SearchAction\",\"target\":{\"@type\":\"EntryPoint\",\"urlTemplate\":\"https:\/\/avrupapress.com\/?s={search_term_string}\"},\"query-input\":{\"@type\":\"PropertyValueSpecification\",\"valueRequired\":true,\"valueName\":\"search_term_string\"}}],\"inLanguage\":\"fr-BE\"},{\"@type\":[\"Person\",\"Organization\"],\"@id\":\"https:\/\/avrupapress.com\/#\/schema\/person\/0223dca19c72c43575bf30d1a2d8f4fa\",\"name\":\"Bilgin \u00d6z\u00e7ift\u00e7i\",\"image\":{\"@type\":\"ImageObject\",\"inLanguage\":\"fr-BE\",\"@id\":\"https:\/\/avrupapress.com\/#\/schema\/person\/image\/\",\"url\":\"https:\/\/secure.gravatar.com\/avatar\/0f23b280433a21e1ea7a0adcc46ed0ad16afe3ad8e630fd13d8a017dcbd54ef3?s=96&d=mm&r=g\",\"contentUrl\":\"https:\/\/secure.gravatar.com\/avatar\/0f23b280433a21e1ea7a0adcc46ed0ad16afe3ad8e630fd13d8a017dcbd54ef3?s=96&d=mm&r=g\",\"caption\":\"Bilgin \u00d6z\u00e7ift\u00e7i\"},\"logo\":{\"@id\":\"https:\/\/avrupapress.com\/#\/schema\/person\/image\/\"},\"description\":\"Ne ben, nede sen... Biz ancak \\\"biz\\\" olursak g\u00fc\u00e7l\u00fc olabiliriz\"},{\"@type\":\"Person\",\"@id\":\"https:\/\/avrupapress.com\/#\/schema\/person\/68428444ec60970d1e1b700cf4ca1e8f\",\"name\":\"Edit\u00f6r\",\"image\":{\"@type\":\"ImageObject\",\"inLanguage\":\"fr-BE\",\"@id\":\"https:\/\/avrupapress.com\/#\/schema\/person\/image\/\",\"url\":\"https:\/\/secure.gravatar.com\/avatar\/74996b0977aa5f1559ba9883776652508b229005c0d78fb2597897f0bd651c09?s=96&d=mm&r=g\",\"contentUrl\":\"https:\/\/secure.gravatar.com\/avatar\/74996b0977aa5f1559ba9883776652508b229005c0d78fb2597897f0bd651c09?s=96&d=mm&r=g\",\"caption\":\"Edit\u00f6r\"},\"sameAs\":[\"http:\/\/www.avrupapress.com\"],\"url\":\"https:\/\/avrupapress.com\/main\/author\/editor\/\"}]}<\/script>\n<!-- \/ Yoast SEO plugin. -->","yoast_head_json":{"title":"Ciara f\u0131rt\u0131nas\u0131 Belcika'da hayat\u0131 durdurdu - AvrupaPress","robots":{"index":"index","follow":"follow","max-snippet":"max-snippet:-1","max-image-preview":"max-image-preview:large","max-video-preview":"max-video-preview:-1"},"canonical":"https:\/\/avrupapress.com\/2020\/02\/09\/ciara-firtinasi-belcikada-hayati-durdurdu\/","og_locale":"fr_FR","og_type":"article","og_title":"Ciara f\u0131rt\u0131nas\u0131 Belcika'da hayat\u0131 durdurdu - AvrupaPress","og_description":"Bel\u00e7ika genelinde etkili olan Ciara f\u0131rt\u0131nas\u0131 nedeniyle Br\u00fcksel Havaliman\u0131&rsquo;nda \u00e7ok say\u0131da \u015firket u\u00e7u\u015flar\u0131n\u0131 iptal etti. G\u00fcneybat\u0131 f\u0131rt\u0131nas\u0131 Ciara, \u00e7ok g\u00fc\u00e7l\u00fc r\u00fczgarlarla \u00fclke \u00fczerinde dola\u015f\u0131yor. Beklenti, sahildeki r\u00fczgar\u0131n \u00f6n\u00fcm\u00fczdeki saatlerde azalaca\u011f\u0131, ancak i\u00e7 k\u0131s\u0131mlar\u0131n hala en a\u011f\u0131r r\u00fczgarlara sahip olaca\u011f\u0131d\u0131r. \u015eiddetli ya\u011fmurlar s\u0131ras\u0131nda r\u00fczgar, saatte 120 ila muhtemelen 130 km&rsquo;lik r\u00fczgarlarla yerel olarak \u00e7ok sert esebilir. [&hellip;]","og_url":"https:\/\/avrupapress.com\/2020\/02\/09\/ciara-firtinasi-belcikada-hayati-durdurdu\/","og_site_name":"AvrupaPress","article_published_time":"2020-02-09T22:42:52+00:00","article_modified_time":"2020-02-09T22:42:54+00:00","og_image":[{"width":300,"height":168,"url":"https:\/\/avrupapress.com\/wp-content\/uploads\/2020\/02\/th-1.jpg","type":"image\/jpeg"}],"author":"Edit\u00f6r","twitter_card":"summary_large_image","twitter_misc":{"\u00c9crit par":"Edit\u00f6r","Dur\u00e9e de lecture est.":"3 minutes"},"schema":{"@context":"https:\/\/schema.org","@graph":[{"@type":"Article","@id":"https:\/\/avrupapress.com\/2020\/02\/09\/ciara-firtinasi-belcikada-hayati-durdurdu\/#article","isPartOf":{"@id":"https:\/\/avrupapress.com\/2020\/02\/09\/ciara-firtinasi-belcikada-hayati-durdurdu\/"},"author":{"name":"Edit\u00f6r","@id":"https:\/\/avrupapress.com\/#\/schema\/person\/68428444ec60970d1e1b700cf4ca1e8f"},"headline":"Ciara f\u0131rt\u0131nas\u0131 Belcika&rsquo;da hayat\u0131 durdurdu","datePublished":"2020-02-09T22:42:52+00:00","dateModified":"2020-02-09T22:42:54+00:00","mainEntityOfPage":{"@id":"https:\/\/avrupapress.com\/2020\/02\/09\/ciara-firtinasi-belcikada-hayati-durdurdu\/"},"wordCount":535,"publisher":{"@id":"https:\/\/avrupapress.com\/#\/schema\/person\/0223dca19c72c43575bf30d1a2d8f4fa"},"image":{"@id":"https:\/\/avrupapress.com\/2020\/02\/09\/ciara-firtinasi-belcikada-hayati-durdurdu\/#primaryimage"},"thumbnailUrl":"https:\/\/avrupapress.com\/main\/wp-content\/uploads\/2020\/02\/th-1.jpg","articleSection":["Avrupa","Bel\u00e7ika","D\u00fcnya","Ekonomi","K\u00fclt\u00fcr-Sanat","Spor","Tan\u0131t\u0131m","T\u00fcrkiye","Uncategorized"],"inLanguage":"fr-BE"},{"@type":"WebPage","@id":"https:\/\/avrupapress.com\/2020\/02\/09\/ciara-firtinasi-belcikada-hayati-durdurdu\/","url":"https:\/\/avrupapress.com\/2020\/02\/09\/ciara-firtinasi-belcikada-hayati-durdurdu\/","name":"Ciara f\u0131rt\u0131nas\u0131 Belcika'da hayat\u0131 durdurdu - AvrupaPress","isPartOf":{"@id":"https:\/\/avrupapress.com\/#website"},"primaryImageOfPage":{"@id":"https:\/\/avrupapress.com\/2020\/02\/09\/ciara-firtinasi-belcikada-hayati-durdurdu\/#primaryimage"},"image":{"@id":"https:\/\/avrupapress.com\/2020\/02\/09\/ciara-firtinasi-belcikada-hayati-durdurdu\/#primaryimage"},"thumbnailUrl":"https:\/\/avrupapress.com\/main\/wp-content\/uploads\/2020\/02\/th-1.jpg","datePublished":"2020-02-09T22:42:52+00:00","dateModified":"2020-02-09T22:42:54+00:00","breadcrumb":{"@id":"https:\/\/avrupapress.com\/2020\/02\/09\/ciara-firtinasi-belcikada-hayati-durdurdu\/#breadcrumb"},"inLanguage":"fr-BE","potentialAction":[{"@type":"ReadAction","target":["https:\/\/avrupapress.com\/2020\/02\/09\/ciara-firtinasi-belcikada-hayati-durdurdu\/"]}]},{"@type":"ImageObject","inLanguage":"fr-BE","@id":"https:\/\/avrupapress.com\/2020\/02\/09\/ciara-firtinasi-belcikada-hayati-durdurdu\/#primaryimage","url":"https:\/\/avrupapress.com\/main\/wp-content\/uploads\/2020\/02\/th-1.jpg","contentUrl":"https:\/\/avrupapress.com\/main\/wp-content\/uploads\/2020\/02\/th-1.jpg","width":300,"height":168},{"@type":"BreadcrumbList","@id":"https:\/\/avrupapress.com\/2020\/02\/09\/ciara-firtinasi-belcikada-hayati-durdurdu\/#breadcrumb","itemListElement":[{"@type":"ListItem","position":1,"name":"Anasayfa","item":"https:\/\/avrupapress.com\/"},{"@type":"ListItem","position":2,"name":"Ciara f\u0131rt\u0131nas\u0131 Belcika&#8217;da hayat\u0131 durdurdu"}]},{"@type":"WebSite","@id":"https:\/\/avrupapress.com\/#website","url":"https:\/\/avrupapress.com\/","name":"AvrupaPress","description":"Haberin Adresi","publisher":{"@id":"https:\/\/avrupapress.com\/#\/schema\/person\/0223dca19c72c43575bf30d1a2d8f4fa"},"potentialAction":[{"@type":"SearchAction","target":{"@type":"EntryPoint","urlTemplate":"https:\/\/avrupapress.com\/?s={search_term_string}"},"query-input":{"@type":"PropertyValueSpecification","valueRequired":true,"valueName":"search_term_string"}}],"inLanguage":"fr-BE"},{"@type":["Person","Organization"],"@id":"https:\/\/avrupapress.com\/#\/schema\/person\/0223dca19c72c43575bf30d1a2d8f4fa","name":"Bilgin \u00d6z\u00e7ift\u00e7i","image":{"@type":"ImageObject","inLanguage":"fr-BE","@id":"https:\/\/avrupapress.com\/#\/schema\/person\/image\/","url":"https:\/\/secure.gravatar.com\/avatar\/0f23b280433a21e1ea7a0adcc46ed0ad16afe3ad8e630fd13d8a017dcbd54ef3?s=96&d=mm&r=g","contentUrl":"https:\/\/secure.gravatar.com\/avatar\/0f23b280433a21e1ea7a0adcc46ed0ad16afe3ad8e630fd13d8a017dcbd54ef3?s=96&d=mm&r=g","caption":"Bilgin \u00d6z\u00e7ift\u00e7i"},"logo":{"@id":"https:\/\/avrupapress.com\/#\/schema\/person\/image\/"},"description":"Ne ben, nede sen... Biz ancak \"biz\" olursak g\u00fc\u00e7l\u00fc olabiliriz"},{"@type":"Person","@id":"https:\/\/avrupapress.com\/#\/schema\/person\/68428444ec60970d1e1b700cf4ca1e8f","name":"Edit\u00f6r","image":{"@type":"ImageObject","inLanguage":"fr-BE","@id":"https:\/\/avrupapress.com\/#\/schema\/person\/image\/","url":"https:\/\/secure.gravatar.com\/avatar\/74996b0977aa5f1559ba9883776652508b229005c0d78fb2597897f0bd651c09?s=96&d=mm&r=g","contentUrl":"https:\/\/secure.gravatar.com\/avatar\/74996b0977aa5f1559ba9883776652508b229005c0d78fb2597897f0bd651c09?s=96&d=mm&r=g","caption":"Edit\u00f6r"},"sameAs":["http:\/\/www.avrupapress.com"],"url":"https:\/\/avrupapress.com\/main\/author\/editor\/"}]}},"_links":{"self":[{"href":"https:\/\/avrupapress.com\/main\/wp-json\/wp\/v2\/posts\/10540","targetHints":{"allow":["GET"]}}],"collection":[{"href":"https:\/\/avrupapress.com\/main\/wp-json\/wp\/v2\/posts"}],"about":[{"href":"https:\/\/avrupapress.com\/main\/wp-json\/wp\/v2\/types\/post"}],"author":[{"embeddable":true,"href":"https:\/\/avrupapress.com\/main\/wp-json\/wp\/v2\/users\/3"}],"replies":[{"embeddable":true,"href":"https:\/\/avrupapress.com\/main\/wp-json\/wp\/v2\/comments?post=10540"}],"version-history":[{"count":1,"href":"https:\/\/avrupapress.com\/main\/wp-json\/wp\/v2\/posts\/10540\/revisions"}],"predecessor-version":[{"id":10542,"href":"https:\/\/avrupapress.com\/main\/wp-json\/wp\/v2\/posts\/10540\/revisions\/10542"}],"wp:featuredmedia":[{"embeddable":true,"href":"https:\/\/avrupapress.com\/main\/wp-json\/wp\/v2\/media\/10541"}],"wp:attachment":[{"href":"https:\/\/avrupapress.com\/main\/wp-json\/wp\/v2\/media?parent=10540"}],"wp:term":[{"taxonomy":"category","embeddable":true,"href":"https:\/\/avrupapress.com\/main\/wp-json\/wp\/v2\/categories?post=10540"},{"taxonomy":"post_tag","embeddable":true,"href":"https:\/\/avrupapress.com\/main\/wp-json\/wp\/v2\/tags?post=10540"}],"curies":[{"name":"wp","href":"https:\/\/api.w.org\/{rel}","templated":true}]}}