{"id":10533,"date":"2020-02-08T22:02:22","date_gmt":"2020-02-08T22:02:22","guid":{"rendered":"http:\/\/avrupapress.com\/main\/?p=10533"},"modified":"2020-02-08T22:02:26","modified_gmt":"2020-02-08T22:02:26","slug":"azerbaycan-yarin-sandik-basina-gidecek","status":"publish","type":"post","link":"https:\/\/avrupapress.com\/main\/2020\/02\/08\/azerbaycan-yarin-sandik-basina-gidecek\/","title":{"rendered":"Azerbaycan yar\u0131n sand\u0131k ba\u015f\u0131na gidecek"},"content":{"rendered":"\n<p><strong>Azerbaycan, yar\u0131n milletvekillerini se\u00e7mek i\u00e7in 6. kez sand\u0131k ba\u015f\u0131na gidecek.<\/strong><\/p>\n\n\n\n<p>\n\nCumhurba\u015fkan\u0131&nbsp;\u0130lham Aliyev&rsquo;in 5 Aral\u0131k 2019&rsquo;da parlamentoyu feshetmesi ve erken se\u00e7im karar\u0131 almas\u0131 \u00fczerine se\u00e7im s\u00fcrecine giren&nbsp;Azerbaycan&rsquo;da yar\u0131n yap\u0131lacak se\u00e7imin ard\u0131ndan yeni parlamento \u015fekillenecek.<\/p>\n\n\n\n<p>Se\u00e7imde, 299&rsquo;u kad\u0131n 1315 aday,&nbsp;Azerbaycan Milli Meclisi&rsquo;ndeki 125 sandalye i\u00e7in yar\u0131\u015facak. Daha \u00f6nceki parlamentoda yer alan milletvekillerinden 80&rsquo;i de yeniden aday oldu.<\/p>\n\n\n\n<p>5 milyon 387 bin kay\u0131tl\u0131 se\u00e7menin oy kullanaca\u011f\u0131 se\u00e7ime 19 siyasi parti kat\u0131l\u0131yor. Fakat 1315 aday\u0131n yakla\u015f\u0131k y\u00fczde 83&rsquo;\u00fc se\u00e7ime ba\u011f\u0131ms\u0131z olarak girmeyi tercih etti.<\/p>\n\n\n\n<p>Bu se\u00e7im, daha \u00f6ncekilere g\u00f6re daha fazla g\u00f6zlemcinin yer alaca\u011f\u0131 bir se\u00e7im olarak \u00f6n plana \u00e7\u0131k\u0131yor. Se\u00e7imi yakla\u015f\u0131k 77 bin 700 yerli, 880 yabanc\u0131 g\u00f6zlemci izleyecek.<\/p>\n\n\n\n<p>Avrupa G\u00fcvenlik ve \u0130\u015fbirli\u011fi Te\u015fkilat\u0131 (AG\u0130T) Parlamenter Asamblesi, Ba\u011f\u0131ms\u0131z Devletler Toplulu\u011fu, Avrupa Konseyi Parlamenter Meclisi, AG\u0130T Demokratik Kurumlar ve \u0130nsan Haklar\u0131 B\u00fcrosu, \u015eanghay \u0130\u015fbirli\u011fi \u00d6rg\u00fct\u00fc ve T\u00fcrk Dili Konu\u015fan \u00dclkeler \u0130\u015fbirli\u011fi Konseyi (T\u00fcrk Konseyi) gibi uluslararas\u0131 \u00f6rg\u00fctlerin g\u00f6zlemci heyetleri se\u00e7imi takip edecek. Azerbaycan&rsquo;daki se\u00e7imi izleyecek heyetler aras\u0131nda TBMM heyeti de var.<\/p>\n\n\n\n<p>Oy verme i\u015flemi yerel saatle 08.00&rsquo;da ba\u015flayacak ve 19.00&rsquo;da sona erecek.<\/p>\n\n\n\n<p>2015&rsquo;te yap\u0131lan bir \u00f6nceki se\u00e7imde, Cumhurba\u015fkan\u0131 Aliyev&rsquo;in ba\u015fkan\u0131 bulundu\u011fu Yeni Azerbaycan Partisi 125 sandalyeden 74&rsquo;\u00fcn\u00fc kazanarak mecliste en fazla milletvekiline sahip parti olmu\u015ftu. <\/p>\n\n\n\n<p><strong>Bilgin Ozcifci \/ AVRUPAPRESS<\/strong><\/p>\n","protected":false},"excerpt":{"rendered":"<p>Azerbaycan, yar\u0131n milletvekillerini se\u00e7mek i\u00e7in 6. kez sand\u0131k ba\u015f\u0131na gidecek. Cumhurba\u015fkan\u0131&nbsp;\u0130lham Aliyev&rsquo;in 5 Aral\u0131k 2019&rsquo;da parlamentoyu feshetmesi ve erken se\u00e7im karar\u0131 almas\u0131 \u00fczerine se\u00e7im s\u00fcrecine giren&nbsp;Azerbaycan&rsquo;da yar\u0131n yap\u0131lacak se\u00e7imin ard\u0131ndan yeni parlamento \u015fekillenecek. Se\u00e7imde, 299&rsquo;u kad\u0131n 1315 aday,&nbsp;Azerbaycan Milli Meclisi&rsquo;ndeki 125 sandalye i\u00e7in yar\u0131\u015facak. Daha \u00f6nceki parlamentoda yer alan milletvekillerinden 80&rsquo;i de yeniden aday oldu. [&hellip;]<\/p>\n","protected":false},"author":3,"featured_media":10534,"comment_status":"closed","ping_status":"open","sticky":false,"template":"","format":"standard","meta":{"footnotes":""},"categories":[14,16,3,17,18,15,19,2,1],"tags":[5061],"class_list":["post-10533","post","type-post","status-publish","format-standard","has-post-thumbnail","hentry","category-avrupa","category-belcika","category-dunya","category-ekonomi","category-kultur-sanat","category-spor","category-tanitim","category-turkiye","category-uncategorized","tag-azerbaycan-yarin-sandik-basina-gidecek"],"yoast_head":"<!-- This site is optimized with the Yoast SEO plugin v26.9 - https:\/\/yoast.com\/product\/yoast-seo-wordpress\/ -->\n<title>Azerbaycan yar\u0131n sand\u0131k ba\u015f\u0131na gidecek - AvrupaPress<\/title>\n<meta name=\"robots\" content=\"index, follow, max-snippet:-1, max-image-preview:large, max-video-preview:-1\" \/>\n<link rel=\"canonical\" href=\"https:\/\/avrupapress.com\/2020\/02\/08\/azerbaycan-yarin-sandik-basina-gidecek\/\" \/>\n<meta property=\"og:locale\" content=\"fr_FR\" \/>\n<meta property=\"og:type\" content=\"article\" \/>\n<meta property=\"og:title\" content=\"Azerbaycan yar\u0131n sand\u0131k ba\u015f\u0131na gidecek - AvrupaPress\" \/>\n<meta property=\"og:description\" content=\"Azerbaycan, yar\u0131n milletvekillerini se\u00e7mek i\u00e7in 6. kez sand\u0131k ba\u015f\u0131na gidecek. Cumhurba\u015fkan\u0131&nbsp;\u0130lham Aliyev&rsquo;in 5 Aral\u0131k 2019&rsquo;da parlamentoyu feshetmesi ve erken se\u00e7im karar\u0131 almas\u0131 \u00fczerine se\u00e7im s\u00fcrecine giren&nbsp;Azerbaycan&rsquo;da yar\u0131n yap\u0131lacak se\u00e7imin ard\u0131ndan yeni parlamento \u015fekillenecek. Se\u00e7imde, 299&rsquo;u kad\u0131n 1315 aday,&nbsp;Azerbaycan Milli Meclisi&rsquo;ndeki 125 sandalye i\u00e7in yar\u0131\u015facak. Daha \u00f6nceki parlamentoda yer alan milletvekillerinden 80&rsquo;i de yeniden aday oldu. [&hellip;]\" \/>\n<meta property=\"og:url\" content=\"https:\/\/avrupapress.com\/2020\/02\/08\/azerbaycan-yarin-sandik-basina-gidecek\/\" \/>\n<meta property=\"og:site_name\" content=\"AvrupaPress\" \/>\n<meta property=\"article:published_time\" content=\"2020-02-08T22:02:22+00:00\" \/>\n<meta property=\"article:modified_time\" content=\"2020-02-08T22:02:26+00:00\" \/>\n<meta property=\"og:image\" content=\"https:\/\/avrupapress.com\/wp-content\/uploads\/2020\/02\/rnMRwwgbtkShYkS2ooEKlg.jpg\" \/>\n\t<meta property=\"og:image:width\" content=\"710\" \/>\n\t<meta property=\"og:image:height\" content=\"404\" \/>\n\t<meta property=\"og:image:type\" content=\"image\/jpeg\" \/>\n<meta name=\"author\" content=\"Edit\u00f6r\" \/>\n<meta name=\"twitter:card\" content=\"summary_large_image\" \/>\n<meta name=\"twitter:label1\" content=\"\u00c9crit par\" \/>\n\t<meta name=\"twitter:data1\" content=\"Edit\u00f6r\" \/>\n\t<meta name=\"twitter:label2\" content=\"Dur\u00e9e de lecture est.\" \/>\n\t<meta name=\"twitter:data2\" content=\"1 minute\" \/>\n<script type=\"application\/ld+json\" class=\"yoast-schema-graph\">{\"@context\":\"https:\/\/schema.org\",\"@graph\":[{\"@type\":\"Article\",\"@id\":\"https:\/\/avrupapress.com\/2020\/02\/08\/azerbaycan-yarin-sandik-basina-gidecek\/#article\",\"isPartOf\":{\"@id\":\"https:\/\/avrupapress.com\/2020\/02\/08\/azerbaycan-yarin-sandik-basina-gidecek\/\"},\"author\":{\"name\":\"Edit\u00f6r\",\"@id\":\"https:\/\/avrupapress.com\/#\/schema\/person\/68428444ec60970d1e1b700cf4ca1e8f\"},\"headline\":\"Azerbaycan yar\u0131n sand\u0131k ba\u015f\u0131na gidecek\",\"datePublished\":\"2020-02-08T22:02:22+00:00\",\"dateModified\":\"2020-02-08T22:02:26+00:00\",\"mainEntityOfPage\":{\"@id\":\"https:\/\/avrupapress.com\/2020\/02\/08\/azerbaycan-yarin-sandik-basina-gidecek\/\"},\"wordCount\":262,\"publisher\":{\"@id\":\"https:\/\/avrupapress.com\/#\/schema\/person\/0223dca19c72c43575bf30d1a2d8f4fa\"},\"image\":{\"@id\":\"https:\/\/avrupapress.com\/2020\/02\/08\/azerbaycan-yarin-sandik-basina-gidecek\/#primaryimage\"},\"thumbnailUrl\":\"https:\/\/avrupapress.com\/main\/wp-content\/uploads\/2020\/02\/rnMRwwgbtkShYkS2ooEKlg.jpg\",\"keywords\":[\"Azerbaycan yar\u0131n sand\u0131k ba\u015f\u0131na gidecek\"],\"articleSection\":[\"Avrupa\",\"Bel\u00e7ika\",\"D\u00fcnya\",\"Ekonomi\",\"K\u00fclt\u00fcr-Sanat\",\"Spor\",\"Tan\u0131t\u0131m\",\"T\u00fcrkiye\",\"Uncategorized\"],\"inLanguage\":\"fr-BE\"},{\"@type\":\"WebPage\",\"@id\":\"https:\/\/avrupapress.com\/2020\/02\/08\/azerbaycan-yarin-sandik-basina-gidecek\/\",\"url\":\"https:\/\/avrupapress.com\/2020\/02\/08\/azerbaycan-yarin-sandik-basina-gidecek\/\",\"name\":\"Azerbaycan yar\u0131n sand\u0131k ba\u015f\u0131na gidecek - AvrupaPress\",\"isPartOf\":{\"@id\":\"https:\/\/avrupapress.com\/#website\"},\"primaryImageOfPage\":{\"@id\":\"https:\/\/avrupapress.com\/2020\/02\/08\/azerbaycan-yarin-sandik-basina-gidecek\/#primaryimage\"},\"image\":{\"@id\":\"https:\/\/avrupapress.com\/2020\/02\/08\/azerbaycan-yarin-sandik-basina-gidecek\/#primaryimage\"},\"thumbnailUrl\":\"https:\/\/avrupapress.com\/main\/wp-content\/uploads\/2020\/02\/rnMRwwgbtkShYkS2ooEKlg.jpg\",\"datePublished\":\"2020-02-08T22:02:22+00:00\",\"dateModified\":\"2020-02-08T22:02:26+00:00\",\"breadcrumb\":{\"@id\":\"https:\/\/avrupapress.com\/2020\/02\/08\/azerbaycan-yarin-sandik-basina-gidecek\/#breadcrumb\"},\"inLanguage\":\"fr-BE\",\"potentialAction\":[{\"@type\":\"ReadAction\",\"target\":[\"https:\/\/avrupapress.com\/2020\/02\/08\/azerbaycan-yarin-sandik-basina-gidecek\/\"]}]},{\"@type\":\"ImageObject\",\"inLanguage\":\"fr-BE\",\"@id\":\"https:\/\/avrupapress.com\/2020\/02\/08\/azerbaycan-yarin-sandik-basina-gidecek\/#primaryimage\",\"url\":\"https:\/\/avrupapress.com\/main\/wp-content\/uploads\/2020\/02\/rnMRwwgbtkShYkS2ooEKlg.jpg\",\"contentUrl\":\"https:\/\/avrupapress.com\/main\/wp-content\/uploads\/2020\/02\/rnMRwwgbtkShYkS2ooEKlg.jpg\",\"width\":710,\"height\":404},{\"@type\":\"BreadcrumbList\",\"@id\":\"https:\/\/avrupapress.com\/2020\/02\/08\/azerbaycan-yarin-sandik-basina-gidecek\/#breadcrumb\",\"itemListElement\":[{\"@type\":\"ListItem\",\"position\":1,\"name\":\"Anasayfa\",\"item\":\"https:\/\/avrupapress.com\/\"},{\"@type\":\"ListItem\",\"position\":2,\"name\":\"Azerbaycan yar\u0131n sand\u0131k ba\u015f\u0131na gidecek\"}]},{\"@type\":\"WebSite\",\"@id\":\"https:\/\/avrupapress.com\/#website\",\"url\":\"https:\/\/avrupapress.com\/\",\"name\":\"AvrupaPress\",\"description\":\"Haberin Adresi\",\"publisher\":{\"@id\":\"https:\/\/avrupapress.com\/#\/schema\/person\/0223dca19c72c43575bf30d1a2d8f4fa\"},\"potentialAction\":[{\"@type\":\"SearchAction\",\"target\":{\"@type\":\"EntryPoint\",\"urlTemplate\":\"https:\/\/avrupapress.com\/?s={search_term_string}\"},\"query-input\":{\"@type\":\"PropertyValueSpecification\",\"valueRequired\":true,\"valueName\":\"search_term_string\"}}],\"inLanguage\":\"fr-BE\"},{\"@type\":[\"Person\",\"Organization\"],\"@id\":\"https:\/\/avrupapress.com\/#\/schema\/person\/0223dca19c72c43575bf30d1a2d8f4fa\",\"name\":\"Bilgin \u00d6z\u00e7ift\u00e7i\",\"image\":{\"@type\":\"ImageObject\",\"inLanguage\":\"fr-BE\",\"@id\":\"https:\/\/avrupapress.com\/#\/schema\/person\/image\/\",\"url\":\"https:\/\/secure.gravatar.com\/avatar\/0f23b280433a21e1ea7a0adcc46ed0ad16afe3ad8e630fd13d8a017dcbd54ef3?s=96&d=mm&r=g\",\"contentUrl\":\"https:\/\/secure.gravatar.com\/avatar\/0f23b280433a21e1ea7a0adcc46ed0ad16afe3ad8e630fd13d8a017dcbd54ef3?s=96&d=mm&r=g\",\"caption\":\"Bilgin \u00d6z\u00e7ift\u00e7i\"},\"logo\":{\"@id\":\"https:\/\/avrupapress.com\/#\/schema\/person\/image\/\"},\"description\":\"Ne ben, nede sen... Biz ancak \\\"biz\\\" olursak g\u00fc\u00e7l\u00fc olabiliriz\"},{\"@type\":\"Person\",\"@id\":\"https:\/\/avrupapress.com\/#\/schema\/person\/68428444ec60970d1e1b700cf4ca1e8f\",\"name\":\"Edit\u00f6r\",\"image\":{\"@type\":\"ImageObject\",\"inLanguage\":\"fr-BE\",\"@id\":\"https:\/\/avrupapress.com\/#\/schema\/person\/image\/\",\"url\":\"https:\/\/secure.gravatar.com\/avatar\/74996b0977aa5f1559ba9883776652508b229005c0d78fb2597897f0bd651c09?s=96&d=mm&r=g\",\"contentUrl\":\"https:\/\/secure.gravatar.com\/avatar\/74996b0977aa5f1559ba9883776652508b229005c0d78fb2597897f0bd651c09?s=96&d=mm&r=g\",\"caption\":\"Edit\u00f6r\"},\"sameAs\":[\"http:\/\/www.avrupapress.com\"],\"url\":\"https:\/\/avrupapress.com\/main\/author\/editor\/\"}]}<\/script>\n<!-- \/ Yoast SEO plugin. -->","yoast_head_json":{"title":"Azerbaycan yar\u0131n sand\u0131k ba\u015f\u0131na gidecek - AvrupaPress","robots":{"index":"index","follow":"follow","max-snippet":"max-snippet:-1","max-image-preview":"max-image-preview:large","max-video-preview":"max-video-preview:-1"},"canonical":"https:\/\/avrupapress.com\/2020\/02\/08\/azerbaycan-yarin-sandik-basina-gidecek\/","og_locale":"fr_FR","og_type":"article","og_title":"Azerbaycan yar\u0131n sand\u0131k ba\u015f\u0131na gidecek - AvrupaPress","og_description":"Azerbaycan, yar\u0131n milletvekillerini se\u00e7mek i\u00e7in 6. kez sand\u0131k ba\u015f\u0131na gidecek. Cumhurba\u015fkan\u0131&nbsp;\u0130lham Aliyev&rsquo;in 5 Aral\u0131k 2019&rsquo;da parlamentoyu feshetmesi ve erken se\u00e7im karar\u0131 almas\u0131 \u00fczerine se\u00e7im s\u00fcrecine giren&nbsp;Azerbaycan&rsquo;da yar\u0131n yap\u0131lacak se\u00e7imin ard\u0131ndan yeni parlamento \u015fekillenecek. Se\u00e7imde, 299&rsquo;u kad\u0131n 1315 aday,&nbsp;Azerbaycan Milli Meclisi&rsquo;ndeki 125 sandalye i\u00e7in yar\u0131\u015facak. Daha \u00f6nceki parlamentoda yer alan milletvekillerinden 80&rsquo;i de yeniden aday oldu. [&hellip;]","og_url":"https:\/\/avrupapress.com\/2020\/02\/08\/azerbaycan-yarin-sandik-basina-gidecek\/","og_site_name":"AvrupaPress","article_published_time":"2020-02-08T22:02:22+00:00","article_modified_time":"2020-02-08T22:02:26+00:00","og_image":[{"width":710,"height":404,"url":"https:\/\/avrupapress.com\/wp-content\/uploads\/2020\/02\/rnMRwwgbtkShYkS2ooEKlg.jpg","type":"image\/jpeg"}],"author":"Edit\u00f6r","twitter_card":"summary_large_image","twitter_misc":{"\u00c9crit par":"Edit\u00f6r","Dur\u00e9e de lecture est.":"1 minute"},"schema":{"@context":"https:\/\/schema.org","@graph":[{"@type":"Article","@id":"https:\/\/avrupapress.com\/2020\/02\/08\/azerbaycan-yarin-sandik-basina-gidecek\/#article","isPartOf":{"@id":"https:\/\/avrupapress.com\/2020\/02\/08\/azerbaycan-yarin-sandik-basina-gidecek\/"},"author":{"name":"Edit\u00f6r","@id":"https:\/\/avrupapress.com\/#\/schema\/person\/68428444ec60970d1e1b700cf4ca1e8f"},"headline":"Azerbaycan yar\u0131n sand\u0131k ba\u015f\u0131na gidecek","datePublished":"2020-02-08T22:02:22+00:00","dateModified":"2020-02-08T22:02:26+00:00","mainEntityOfPage":{"@id":"https:\/\/avrupapress.com\/2020\/02\/08\/azerbaycan-yarin-sandik-basina-gidecek\/"},"wordCount":262,"publisher":{"@id":"https:\/\/avrupapress.com\/#\/schema\/person\/0223dca19c72c43575bf30d1a2d8f4fa"},"image":{"@id":"https:\/\/avrupapress.com\/2020\/02\/08\/azerbaycan-yarin-sandik-basina-gidecek\/#primaryimage"},"thumbnailUrl":"https:\/\/avrupapress.com\/main\/wp-content\/uploads\/2020\/02\/rnMRwwgbtkShYkS2ooEKlg.jpg","keywords":["Azerbaycan yar\u0131n sand\u0131k ba\u015f\u0131na gidecek"],"articleSection":["Avrupa","Bel\u00e7ika","D\u00fcnya","Ekonomi","K\u00fclt\u00fcr-Sanat","Spor","Tan\u0131t\u0131m","T\u00fcrkiye","Uncategorized"],"inLanguage":"fr-BE"},{"@type":"WebPage","@id":"https:\/\/avrupapress.com\/2020\/02\/08\/azerbaycan-yarin-sandik-basina-gidecek\/","url":"https:\/\/avrupapress.com\/2020\/02\/08\/azerbaycan-yarin-sandik-basina-gidecek\/","name":"Azerbaycan yar\u0131n sand\u0131k ba\u015f\u0131na gidecek - AvrupaPress","isPartOf":{"@id":"https:\/\/avrupapress.com\/#website"},"primaryImageOfPage":{"@id":"https:\/\/avrupapress.com\/2020\/02\/08\/azerbaycan-yarin-sandik-basina-gidecek\/#primaryimage"},"image":{"@id":"https:\/\/avrupapress.com\/2020\/02\/08\/azerbaycan-yarin-sandik-basina-gidecek\/#primaryimage"},"thumbnailUrl":"https:\/\/avrupapress.com\/main\/wp-content\/uploads\/2020\/02\/rnMRwwgbtkShYkS2ooEKlg.jpg","datePublished":"2020-02-08T22:02:22+00:00","dateModified":"2020-02-08T22:02:26+00:00","breadcrumb":{"@id":"https:\/\/avrupapress.com\/2020\/02\/08\/azerbaycan-yarin-sandik-basina-gidecek\/#breadcrumb"},"inLanguage":"fr-BE","potentialAction":[{"@type":"ReadAction","target":["https:\/\/avrupapress.com\/2020\/02\/08\/azerbaycan-yarin-sandik-basina-gidecek\/"]}]},{"@type":"ImageObject","inLanguage":"fr-BE","@id":"https:\/\/avrupapress.com\/2020\/02\/08\/azerbaycan-yarin-sandik-basina-gidecek\/#primaryimage","url":"https:\/\/avrupapress.com\/main\/wp-content\/uploads\/2020\/02\/rnMRwwgbtkShYkS2ooEKlg.jpg","contentUrl":"https:\/\/avrupapress.com\/main\/wp-content\/uploads\/2020\/02\/rnMRwwgbtkShYkS2ooEKlg.jpg","width":710,"height":404},{"@type":"BreadcrumbList","@id":"https:\/\/avrupapress.com\/2020\/02\/08\/azerbaycan-yarin-sandik-basina-gidecek\/#breadcrumb","itemListElement":[{"@type":"ListItem","position":1,"name":"Anasayfa","item":"https:\/\/avrupapress.com\/"},{"@type":"ListItem","position":2,"name":"Azerbaycan yar\u0131n sand\u0131k ba\u015f\u0131na gidecek"}]},{"@type":"WebSite","@id":"https:\/\/avrupapress.com\/#website","url":"https:\/\/avrupapress.com\/","name":"AvrupaPress","description":"Haberin Adresi","publisher":{"@id":"https:\/\/avrupapress.com\/#\/schema\/person\/0223dca19c72c43575bf30d1a2d8f4fa"},"potentialAction":[{"@type":"SearchAction","target":{"@type":"EntryPoint","urlTemplate":"https:\/\/avrupapress.com\/?s={search_term_string}"},"query-input":{"@type":"PropertyValueSpecification","valueRequired":true,"valueName":"search_term_string"}}],"inLanguage":"fr-BE"},{"@type":["Person","Organization"],"@id":"https:\/\/avrupapress.com\/#\/schema\/person\/0223dca19c72c43575bf30d1a2d8f4fa","name":"Bilgin \u00d6z\u00e7ift\u00e7i","image":{"@type":"ImageObject","inLanguage":"fr-BE","@id":"https:\/\/avrupapress.com\/#\/schema\/person\/image\/","url":"https:\/\/secure.gravatar.com\/avatar\/0f23b280433a21e1ea7a0adcc46ed0ad16afe3ad8e630fd13d8a017dcbd54ef3?s=96&d=mm&r=g","contentUrl":"https:\/\/secure.gravatar.com\/avatar\/0f23b280433a21e1ea7a0adcc46ed0ad16afe3ad8e630fd13d8a017dcbd54ef3?s=96&d=mm&r=g","caption":"Bilgin \u00d6z\u00e7ift\u00e7i"},"logo":{"@id":"https:\/\/avrupapress.com\/#\/schema\/person\/image\/"},"description":"Ne ben, nede sen... Biz ancak \"biz\" olursak g\u00fc\u00e7l\u00fc olabiliriz"},{"@type":"Person","@id":"https:\/\/avrupapress.com\/#\/schema\/person\/68428444ec60970d1e1b700cf4ca1e8f","name":"Edit\u00f6r","image":{"@type":"ImageObject","inLanguage":"fr-BE","@id":"https:\/\/avrupapress.com\/#\/schema\/person\/image\/","url":"https:\/\/secure.gravatar.com\/avatar\/74996b0977aa5f1559ba9883776652508b229005c0d78fb2597897f0bd651c09?s=96&d=mm&r=g","contentUrl":"https:\/\/secure.gravatar.com\/avatar\/74996b0977aa5f1559ba9883776652508b229005c0d78fb2597897f0bd651c09?s=96&d=mm&r=g","caption":"Edit\u00f6r"},"sameAs":["http:\/\/www.avrupapress.com"],"url":"https:\/\/avrupapress.com\/main\/author\/editor\/"}]}},"_links":{"self":[{"href":"https:\/\/avrupapress.com\/main\/wp-json\/wp\/v2\/posts\/10533","targetHints":{"allow":["GET"]}}],"collection":[{"href":"https:\/\/avrupapress.com\/main\/wp-json\/wp\/v2\/posts"}],"about":[{"href":"https:\/\/avrupapress.com\/main\/wp-json\/wp\/v2\/types\/post"}],"author":[{"embeddable":true,"href":"https:\/\/avrupapress.com\/main\/wp-json\/wp\/v2\/users\/3"}],"replies":[{"embeddable":true,"href":"https:\/\/avrupapress.com\/main\/wp-json\/wp\/v2\/comments?post=10533"}],"version-history":[{"count":1,"href":"https:\/\/avrupapress.com\/main\/wp-json\/wp\/v2\/posts\/10533\/revisions"}],"predecessor-version":[{"id":10535,"href":"https:\/\/avrupapress.com\/main\/wp-json\/wp\/v2\/posts\/10533\/revisions\/10535"}],"wp:featuredmedia":[{"embeddable":true,"href":"https:\/\/avrupapress.com\/main\/wp-json\/wp\/v2\/media\/10534"}],"wp:attachment":[{"href":"https:\/\/avrupapress.com\/main\/wp-json\/wp\/v2\/media?parent=10533"}],"wp:term":[{"taxonomy":"category","embeddable":true,"href":"https:\/\/avrupapress.com\/main\/wp-json\/wp\/v2\/categories?post=10533"},{"taxonomy":"post_tag","embeddable":true,"href":"https:\/\/avrupapress.com\/main\/wp-json\/wp\/v2\/tags?post=10533"}],"curies":[{"name":"wp","href":"https:\/\/api.w.org\/{rel}","templated":true}]}}