{"id":10526,"date":"2020-02-06T21:26:07","date_gmt":"2020-02-06T21:26:07","guid":{"rendered":"http:\/\/avrupapress.com\/main\/?p=10526"},"modified":"2020-02-06T21:26:08","modified_gmt":"2020-02-06T21:26:08","slug":"ab-ile-muzakerelere-yeni-kurallar-geliyor","status":"publish","type":"post","link":"https:\/\/avrupapress.com\/main\/2020\/02\/06\/ab-ile-muzakerelere-yeni-kurallar-geliyor\/","title":{"rendered":"AB ile m\u00fczakerelere yeni kurallar geliyor"},"content":{"rendered":"\n<p><strong>AB Komisyonu, m\u00fczakerelerde ilerleme kaydetmeyen ya da gerileyen aday \u00fclkelere kar\u015f\u0131 yeni \u00f6nlemler getiriyor. Kapat\u0131lm\u0131\u015f fas\u0131llar\u0131n yeniden a\u00e7\u0131labilmesi ve m\u00fczakerelerin ask\u0131ya al\u0131nmas\u0131, planlanan \u00f6nlemler aras\u0131nda.<\/strong><\/p>\n\n\n\n<p>\n\nAB Komisyonu, Arnavutluk ve Kuzey Makedonya ile \u00fcyelik m\u00fczakerelerine ba\u015flanmas\u0131n\u0131 bloke eden Fransa&rsquo;n\u0131n bask\u0131s\u0131 \u00fczerine m\u00fczakere s\u00fcrecinde reform \u00f6nerilerini kamuoyuyla payla\u015ft\u0131. Reform \u00f6nerileriyle m\u00fczakerelerin daha inan\u0131l\u0131r, daha dinamik ve kestirilebilir hale getirilmesi, ayr\u0131ca \u00fcye \u00fclkelere daha fazla s\u00f6z hakk\u0131 tan\u0131nmas\u0131 \u00f6ng\u00f6r\u00fcl\u00fcyor.<\/p>\n\n\n\n<p>Komisyon&rsquo;un \u00f6nerileri \u00e7er\u00e7evesinde aday \u00fclkenin m\u00fczakere s\u00fcrecinin, reformlarda kaydetti\u011fi geli\u015fmelere paralel olarak ilerlemesi \u00f6ng\u00f6r\u00fcl\u00fcyor.<\/p>\n\n\n\n<p>AB Komisyonu&rsquo;nun Kom\u015fuluk Politikas\u0131 ve Geni\u015fleme M\u00fczakerelerinden sorumlu \u00fcyesi Oliver Varhelyi, Bat\u0131 Balkanlar&rsquo;a geni\u015flemenin Birlik i\u00e7in b\u00fcy\u00fck \u00f6ncelik ta\u015f\u0131d\u0131\u011f\u0131n\u0131 belirterek, Komisyon&rsquo;un, Arnavutluk ve Kuzey Makedonya ile m\u00fczakerelere ba\u015flanmas\u0131na ye\u015fil \u0131\u015f\u0131k yakan 2018&rsquo;deki karar\u0131n\u0131n arkas\u0131nda oldu\u011funu vurgulad\u0131.<\/p>\n\n\n\n<p><strong>M\u00dcZAKERELER T\u00dcMDEN ASKIYA ALINAB\u0130LECEK<\/strong><\/p>\n\n\n\n<p>Aday \u00fclkenin, \u00fcyelik kriterlerinin yerine getirilmesi ve reformlar\u0131n hayata ge\u00e7irilmesinde uzun s\u00fcreli ya da ciddi durgunluk g\u00f6sterdi\u011fi ya da gerileme kaydetti\u011fi durumlarda yapt\u0131r\u0131mlar \u00f6ng\u00f6r\u00fcl\u00fcyor. Komisyonun \u00f6nerilerine g\u00f6re bu t\u00fcr durumlarda m\u00fczakerelerin baz\u0131 alanlarda ask\u0131ya al\u0131nmas\u0131 ya da \u00e7ok ciddi durumlarda t\u00fcmden dondurulmas\u0131 m\u00fcmk\u00fcn olacak. Kapat\u0131lm\u0131\u015f fas\u0131llar\u0131n yeniden a\u00e7\u0131labilmesi, AB programlar\u0131na eri\u015fim gibi Birlik ile yak\u0131n entegrasyonun getirdi\u011fi avantajlar kesilebilecek ya da azalt\u0131labilecek, AB fonlar\u0131n\u0131n kapsam\u0131 ve yo\u011funlu\u011fu d\u00fc\u015f\u00fcr\u00fclebilecek.<\/p>\n\n\n\n<p>Komisyon&rsquo;un reform \u00f6nerileri, hukukun \u00fcst\u00fcnl\u00fc\u011f\u00fc, demokratik kurulu\u015flar\u0131n i\u015fleyi\u015fi, kamu idaresi ve ekonomi gibi temel reformlara daha fazla odaklan\u0131lmas\u0131 yoluyla s\u00fcrecin daha inand\u0131r\u0131c\u0131 bir hale getirilmesini i\u00e7eriyor. Aday \u00fclkenin kaydetti\u011fi ilerlemenin de\u011ferlendirilmesi ve g\u00f6zetlenmesi s\u00fcrecine \u00fcye \u00fclkelerin daha etkili bir \u015fekilde kat\u0131lmas\u0131 da \u00f6ng\u00f6r\u00fcl\u00fcyor.<\/p>\n\n\n\n<p><strong>ALTI ANA BA\u015eLIK<\/strong><\/p>\n\n\n\n<p>M\u00fczakere s\u00fcrecini daha dinamik hale getirmek i\u00e7inse fas\u0131llar, \u00ab\u00a0temel konular\u00a0\u00bb, \u00ab\u00a0i\u00e7 pazar\u00a0\u00bb, \u00ab\u00a0rekabet ve kapsay\u0131c\u0131 b\u00fcy\u00fcme\u00a0\u00bb, \u00ab\u00a0\u00e7evre ve s\u00fcrd\u00fcr\u00fclebilirlik\u00a0\u00bb, \u00ab\u00a0tar\u0131m ve do\u011fal kaynaklar\u00a0\u00bb ve \u00ab\u00a0d\u0131\u015f ili\u015fkiler\u00a0\u00bb olmak \u00fczere alt\u0131 ana tema alt\u0131nda toplanacak. M\u00fczakereler fas\u0131llardan ziyade ana ba\u015fl\u0131klar \u00fczerinden bir b\u00fct\u00fcn olarak a\u00e7\u0131lacak. \u00ab\u00a0Temel konular\u00a0\u00bb ana ba\u015fl\u0131\u011f\u0131 en ba\u015fta a\u00e7\u0131lacak ve kapat\u0131lan son ba\u015fl\u0131k olacak. Bu ba\u015fl\u0131ktaki ilerleme, m\u00fczakerelerin genel ilerleme h\u0131z\u0131n\u0131 da belirleyecek. Ana ba\u015fl\u0131\u011f\u0131n a\u00e7\u0131lmas\u0131yla ba\u015fl\u0131k i\u00e7indeki fas\u0131llar\u0131n kapat\u0131lmas\u0131 aras\u0131nda ge\u00e7en zaman tercihen bir y\u0131l ile s\u0131n\u0131rland\u0131r\u0131lacak.<\/p>\n\n\n\n<p>Komisyon&rsquo;un \u00f6nerilerine g\u00f6re AB&rsquo;nin aday \u00fclkeden farkl\u0131 a\u015famalardaki beklentileri de daha net bir \u015fekilde tan\u0131mlanacak. Reformlarda kaydedilen ilerlemelerin olumlu sonu\u00e7lar\u0131 ile ilerleme kaydetmemenin olumsuz sonu\u00e7lar\u0131 daha netle\u015ftirilecek. Reformlarda ilerleyen aday \u00fclkeler, AB ile entegrasyon s\u00fcrecinin h\u0131zland\u0131r\u0131lmas\u0131, AB politikalar\u0131, AB pazar\u0131 ve AB programlar\u0131na kademeli ge\u00e7i\u015f ile AB fonlar\u0131 ve yat\u0131r\u0131mlardan daha fazla yararlan\u0131lmas\u0131 gibi avantajlara sahip olacak.\n\n<\/p>\n","protected":false},"excerpt":{"rendered":"<p>AB Komisyonu, m\u00fczakerelerde ilerleme kaydetmeyen ya da gerileyen aday \u00fclkelere kar\u015f\u0131 yeni \u00f6nlemler getiriyor. Kapat\u0131lm\u0131\u015f fas\u0131llar\u0131n yeniden a\u00e7\u0131labilmesi ve m\u00fczakerelerin ask\u0131ya al\u0131nmas\u0131, planlanan \u00f6nlemler aras\u0131nda. AB Komisyonu, Arnavutluk ve Kuzey Makedonya ile \u00fcyelik m\u00fczakerelerine ba\u015flanmas\u0131n\u0131 bloke eden Fransa&rsquo;n\u0131n bask\u0131s\u0131 \u00fczerine m\u00fczakere s\u00fcrecinde reform \u00f6nerilerini kamuoyuyla payla\u015ft\u0131. Reform \u00f6nerileriyle m\u00fczakerelerin daha inan\u0131l\u0131r, daha dinamik ve kestirilebilir [&hellip;]<\/p>\n","protected":false},"author":3,"featured_media":10527,"comment_status":"closed","ping_status":"open","sticky":false,"template":"","format":"standard","meta":{"footnotes":""},"categories":[14,16,3,17,18,15,19,2,1],"tags":[5059],"class_list":["post-10526","post","type-post","status-publish","format-standard","has-post-thumbnail","hentry","category-avrupa","category-belcika","category-dunya","category-ekonomi","category-kultur-sanat","category-spor","category-tanitim","category-turkiye","category-uncategorized","tag-ab-ile-muzakerelere-yeni-kurallar-geliyor"],"yoast_head":"<!-- This site is optimized with the Yoast SEO plugin v26.9 - https:\/\/yoast.com\/product\/yoast-seo-wordpress\/ -->\n<title>AB ile m\u00fczakerelere yeni kurallar geliyor - AvrupaPress<\/title>\n<meta name=\"robots\" content=\"index, follow, max-snippet:-1, max-image-preview:large, max-video-preview:-1\" \/>\n<link rel=\"canonical\" href=\"https:\/\/avrupapress.com\/2020\/02\/06\/ab-ile-muzakerelere-yeni-kurallar-geliyor\/\" \/>\n<meta property=\"og:locale\" content=\"fr_FR\" \/>\n<meta property=\"og:type\" content=\"article\" \/>\n<meta property=\"og:title\" content=\"AB ile m\u00fczakerelere yeni kurallar geliyor - AvrupaPress\" \/>\n<meta property=\"og:description\" content=\"AB Komisyonu, m\u00fczakerelerde ilerleme kaydetmeyen ya da gerileyen aday \u00fclkelere kar\u015f\u0131 yeni \u00f6nlemler getiriyor. Kapat\u0131lm\u0131\u015f fas\u0131llar\u0131n yeniden a\u00e7\u0131labilmesi ve m\u00fczakerelerin ask\u0131ya al\u0131nmas\u0131, planlanan \u00f6nlemler aras\u0131nda. AB Komisyonu, Arnavutluk ve Kuzey Makedonya ile \u00fcyelik m\u00fczakerelerine ba\u015flanmas\u0131n\u0131 bloke eden Fransa&rsquo;n\u0131n bask\u0131s\u0131 \u00fczerine m\u00fczakere s\u00fcrecinde reform \u00f6nerilerini kamuoyuyla payla\u015ft\u0131. Reform \u00f6nerileriyle m\u00fczakerelerin daha inan\u0131l\u0131r, daha dinamik ve kestirilebilir [&hellip;]\" \/>\n<meta property=\"og:url\" content=\"https:\/\/avrupapress.com\/2020\/02\/06\/ab-ile-muzakerelere-yeni-kurallar-geliyor\/\" \/>\n<meta property=\"og:site_name\" content=\"AvrupaPress\" \/>\n<meta property=\"article:published_time\" content=\"2020-02-06T21:26:07+00:00\" \/>\n<meta property=\"article:modified_time\" content=\"2020-02-06T21:26:08+00:00\" \/>\n<meta property=\"og:image\" content=\"https:\/\/avrupapress.com\/wp-content\/uploads\/2020\/02\/2w1tOPA6I02TCe1Ajlz2EQ.jpg\" \/>\n\t<meta property=\"og:image:width\" content=\"710\" \/>\n\t<meta property=\"og:image:height\" content=\"403\" \/>\n\t<meta property=\"og:image:type\" content=\"image\/jpeg\" \/>\n<meta name=\"author\" content=\"Edit\u00f6r\" \/>\n<meta name=\"twitter:card\" content=\"summary_large_image\" \/>\n<meta name=\"twitter:label1\" content=\"\u00c9crit par\" \/>\n\t<meta name=\"twitter:data1\" content=\"Edit\u00f6r\" \/>\n\t<meta name=\"twitter:label2\" content=\"Dur\u00e9e de lecture est.\" \/>\n\t<meta name=\"twitter:data2\" content=\"3 minutes\" \/>\n<script type=\"application\/ld+json\" class=\"yoast-schema-graph\">{\"@context\":\"https:\/\/schema.org\",\"@graph\":[{\"@type\":\"Article\",\"@id\":\"https:\/\/avrupapress.com\/2020\/02\/06\/ab-ile-muzakerelere-yeni-kurallar-geliyor\/#article\",\"isPartOf\":{\"@id\":\"https:\/\/avrupapress.com\/2020\/02\/06\/ab-ile-muzakerelere-yeni-kurallar-geliyor\/\"},\"author\":{\"name\":\"Edit\u00f6r\",\"@id\":\"https:\/\/avrupapress.com\/#\/schema\/person\/68428444ec60970d1e1b700cf4ca1e8f\"},\"headline\":\"AB ile m\u00fczakerelere yeni kurallar geliyor\",\"datePublished\":\"2020-02-06T21:26:07+00:00\",\"dateModified\":\"2020-02-06T21:26:08+00:00\",\"mainEntityOfPage\":{\"@id\":\"https:\/\/avrupapress.com\/2020\/02\/06\/ab-ile-muzakerelere-yeni-kurallar-geliyor\/\"},\"wordCount\":548,\"publisher\":{\"@id\":\"https:\/\/avrupapress.com\/#\/schema\/person\/0223dca19c72c43575bf30d1a2d8f4fa\"},\"image\":{\"@id\":\"https:\/\/avrupapress.com\/2020\/02\/06\/ab-ile-muzakerelere-yeni-kurallar-geliyor\/#primaryimage\"},\"thumbnailUrl\":\"https:\/\/avrupapress.com\/main\/wp-content\/uploads\/2020\/02\/2w1tOPA6I02TCe1Ajlz2EQ.jpg\",\"keywords\":[\"AB ile m\u00fczakerelere yeni kurallar geliyor\"],\"articleSection\":[\"Avrupa\",\"Bel\u00e7ika\",\"D\u00fcnya\",\"Ekonomi\",\"K\u00fclt\u00fcr-Sanat\",\"Spor\",\"Tan\u0131t\u0131m\",\"T\u00fcrkiye\",\"Uncategorized\"],\"inLanguage\":\"fr-BE\"},{\"@type\":\"WebPage\",\"@id\":\"https:\/\/avrupapress.com\/2020\/02\/06\/ab-ile-muzakerelere-yeni-kurallar-geliyor\/\",\"url\":\"https:\/\/avrupapress.com\/2020\/02\/06\/ab-ile-muzakerelere-yeni-kurallar-geliyor\/\",\"name\":\"AB ile m\u00fczakerelere yeni kurallar geliyor - AvrupaPress\",\"isPartOf\":{\"@id\":\"https:\/\/avrupapress.com\/#website\"},\"primaryImageOfPage\":{\"@id\":\"https:\/\/avrupapress.com\/2020\/02\/06\/ab-ile-muzakerelere-yeni-kurallar-geliyor\/#primaryimage\"},\"image\":{\"@id\":\"https:\/\/avrupapress.com\/2020\/02\/06\/ab-ile-muzakerelere-yeni-kurallar-geliyor\/#primaryimage\"},\"thumbnailUrl\":\"https:\/\/avrupapress.com\/main\/wp-content\/uploads\/2020\/02\/2w1tOPA6I02TCe1Ajlz2EQ.jpg\",\"datePublished\":\"2020-02-06T21:26:07+00:00\",\"dateModified\":\"2020-02-06T21:26:08+00:00\",\"breadcrumb\":{\"@id\":\"https:\/\/avrupapress.com\/2020\/02\/06\/ab-ile-muzakerelere-yeni-kurallar-geliyor\/#breadcrumb\"},\"inLanguage\":\"fr-BE\",\"potentialAction\":[{\"@type\":\"ReadAction\",\"target\":[\"https:\/\/avrupapress.com\/2020\/02\/06\/ab-ile-muzakerelere-yeni-kurallar-geliyor\/\"]}]},{\"@type\":\"ImageObject\",\"inLanguage\":\"fr-BE\",\"@id\":\"https:\/\/avrupapress.com\/2020\/02\/06\/ab-ile-muzakerelere-yeni-kurallar-geliyor\/#primaryimage\",\"url\":\"https:\/\/avrupapress.com\/main\/wp-content\/uploads\/2020\/02\/2w1tOPA6I02TCe1Ajlz2EQ.jpg\",\"contentUrl\":\"https:\/\/avrupapress.com\/main\/wp-content\/uploads\/2020\/02\/2w1tOPA6I02TCe1Ajlz2EQ.jpg\",\"width\":710,\"height\":403},{\"@type\":\"BreadcrumbList\",\"@id\":\"https:\/\/avrupapress.com\/2020\/02\/06\/ab-ile-muzakerelere-yeni-kurallar-geliyor\/#breadcrumb\",\"itemListElement\":[{\"@type\":\"ListItem\",\"position\":1,\"name\":\"Anasayfa\",\"item\":\"https:\/\/avrupapress.com\/\"},{\"@type\":\"ListItem\",\"position\":2,\"name\":\"AB ile m\u00fczakerelere yeni kurallar geliyor\"}]},{\"@type\":\"WebSite\",\"@id\":\"https:\/\/avrupapress.com\/#website\",\"url\":\"https:\/\/avrupapress.com\/\",\"name\":\"AvrupaPress\",\"description\":\"Haberin Adresi\",\"publisher\":{\"@id\":\"https:\/\/avrupapress.com\/#\/schema\/person\/0223dca19c72c43575bf30d1a2d8f4fa\"},\"potentialAction\":[{\"@type\":\"SearchAction\",\"target\":{\"@type\":\"EntryPoint\",\"urlTemplate\":\"https:\/\/avrupapress.com\/?s={search_term_string}\"},\"query-input\":{\"@type\":\"PropertyValueSpecification\",\"valueRequired\":true,\"valueName\":\"search_term_string\"}}],\"inLanguage\":\"fr-BE\"},{\"@type\":[\"Person\",\"Organization\"],\"@id\":\"https:\/\/avrupapress.com\/#\/schema\/person\/0223dca19c72c43575bf30d1a2d8f4fa\",\"name\":\"Bilgin \u00d6z\u00e7ift\u00e7i\",\"image\":{\"@type\":\"ImageObject\",\"inLanguage\":\"fr-BE\",\"@id\":\"https:\/\/avrupapress.com\/#\/schema\/person\/image\/\",\"url\":\"https:\/\/secure.gravatar.com\/avatar\/0f23b280433a21e1ea7a0adcc46ed0ad16afe3ad8e630fd13d8a017dcbd54ef3?s=96&d=mm&r=g\",\"contentUrl\":\"https:\/\/secure.gravatar.com\/avatar\/0f23b280433a21e1ea7a0adcc46ed0ad16afe3ad8e630fd13d8a017dcbd54ef3?s=96&d=mm&r=g\",\"caption\":\"Bilgin \u00d6z\u00e7ift\u00e7i\"},\"logo\":{\"@id\":\"https:\/\/avrupapress.com\/#\/schema\/person\/image\/\"},\"description\":\"Ne ben, nede sen... Biz ancak \\\"biz\\\" olursak g\u00fc\u00e7l\u00fc olabiliriz\"},{\"@type\":\"Person\",\"@id\":\"https:\/\/avrupapress.com\/#\/schema\/person\/68428444ec60970d1e1b700cf4ca1e8f\",\"name\":\"Edit\u00f6r\",\"image\":{\"@type\":\"ImageObject\",\"inLanguage\":\"fr-BE\",\"@id\":\"https:\/\/avrupapress.com\/#\/schema\/person\/image\/\",\"url\":\"https:\/\/secure.gravatar.com\/avatar\/74996b0977aa5f1559ba9883776652508b229005c0d78fb2597897f0bd651c09?s=96&d=mm&r=g\",\"contentUrl\":\"https:\/\/secure.gravatar.com\/avatar\/74996b0977aa5f1559ba9883776652508b229005c0d78fb2597897f0bd651c09?s=96&d=mm&r=g\",\"caption\":\"Edit\u00f6r\"},\"sameAs\":[\"http:\/\/www.avrupapress.com\"],\"url\":\"https:\/\/avrupapress.com\/main\/author\/editor\/\"}]}<\/script>\n<!-- \/ Yoast SEO plugin. -->","yoast_head_json":{"title":"AB ile m\u00fczakerelere yeni kurallar geliyor - AvrupaPress","robots":{"index":"index","follow":"follow","max-snippet":"max-snippet:-1","max-image-preview":"max-image-preview:large","max-video-preview":"max-video-preview:-1"},"canonical":"https:\/\/avrupapress.com\/2020\/02\/06\/ab-ile-muzakerelere-yeni-kurallar-geliyor\/","og_locale":"fr_FR","og_type":"article","og_title":"AB ile m\u00fczakerelere yeni kurallar geliyor - AvrupaPress","og_description":"AB Komisyonu, m\u00fczakerelerde ilerleme kaydetmeyen ya da gerileyen aday \u00fclkelere kar\u015f\u0131 yeni \u00f6nlemler getiriyor. Kapat\u0131lm\u0131\u015f fas\u0131llar\u0131n yeniden a\u00e7\u0131labilmesi ve m\u00fczakerelerin ask\u0131ya al\u0131nmas\u0131, planlanan \u00f6nlemler aras\u0131nda. AB Komisyonu, Arnavutluk ve Kuzey Makedonya ile \u00fcyelik m\u00fczakerelerine ba\u015flanmas\u0131n\u0131 bloke eden Fransa&rsquo;n\u0131n bask\u0131s\u0131 \u00fczerine m\u00fczakere s\u00fcrecinde reform \u00f6nerilerini kamuoyuyla payla\u015ft\u0131. Reform \u00f6nerileriyle m\u00fczakerelerin daha inan\u0131l\u0131r, daha dinamik ve kestirilebilir [&hellip;]","og_url":"https:\/\/avrupapress.com\/2020\/02\/06\/ab-ile-muzakerelere-yeni-kurallar-geliyor\/","og_site_name":"AvrupaPress","article_published_time":"2020-02-06T21:26:07+00:00","article_modified_time":"2020-02-06T21:26:08+00:00","og_image":[{"width":710,"height":403,"url":"https:\/\/avrupapress.com\/wp-content\/uploads\/2020\/02\/2w1tOPA6I02TCe1Ajlz2EQ.jpg","type":"image\/jpeg"}],"author":"Edit\u00f6r","twitter_card":"summary_large_image","twitter_misc":{"\u00c9crit par":"Edit\u00f6r","Dur\u00e9e de lecture est.":"3 minutes"},"schema":{"@context":"https:\/\/schema.org","@graph":[{"@type":"Article","@id":"https:\/\/avrupapress.com\/2020\/02\/06\/ab-ile-muzakerelere-yeni-kurallar-geliyor\/#article","isPartOf":{"@id":"https:\/\/avrupapress.com\/2020\/02\/06\/ab-ile-muzakerelere-yeni-kurallar-geliyor\/"},"author":{"name":"Edit\u00f6r","@id":"https:\/\/avrupapress.com\/#\/schema\/person\/68428444ec60970d1e1b700cf4ca1e8f"},"headline":"AB ile m\u00fczakerelere yeni kurallar geliyor","datePublished":"2020-02-06T21:26:07+00:00","dateModified":"2020-02-06T21:26:08+00:00","mainEntityOfPage":{"@id":"https:\/\/avrupapress.com\/2020\/02\/06\/ab-ile-muzakerelere-yeni-kurallar-geliyor\/"},"wordCount":548,"publisher":{"@id":"https:\/\/avrupapress.com\/#\/schema\/person\/0223dca19c72c43575bf30d1a2d8f4fa"},"image":{"@id":"https:\/\/avrupapress.com\/2020\/02\/06\/ab-ile-muzakerelere-yeni-kurallar-geliyor\/#primaryimage"},"thumbnailUrl":"https:\/\/avrupapress.com\/main\/wp-content\/uploads\/2020\/02\/2w1tOPA6I02TCe1Ajlz2EQ.jpg","keywords":["AB ile m\u00fczakerelere yeni kurallar geliyor"],"articleSection":["Avrupa","Bel\u00e7ika","D\u00fcnya","Ekonomi","K\u00fclt\u00fcr-Sanat","Spor","Tan\u0131t\u0131m","T\u00fcrkiye","Uncategorized"],"inLanguage":"fr-BE"},{"@type":"WebPage","@id":"https:\/\/avrupapress.com\/2020\/02\/06\/ab-ile-muzakerelere-yeni-kurallar-geliyor\/","url":"https:\/\/avrupapress.com\/2020\/02\/06\/ab-ile-muzakerelere-yeni-kurallar-geliyor\/","name":"AB ile m\u00fczakerelere yeni kurallar geliyor - AvrupaPress","isPartOf":{"@id":"https:\/\/avrupapress.com\/#website"},"primaryImageOfPage":{"@id":"https:\/\/avrupapress.com\/2020\/02\/06\/ab-ile-muzakerelere-yeni-kurallar-geliyor\/#primaryimage"},"image":{"@id":"https:\/\/avrupapress.com\/2020\/02\/06\/ab-ile-muzakerelere-yeni-kurallar-geliyor\/#primaryimage"},"thumbnailUrl":"https:\/\/avrupapress.com\/main\/wp-content\/uploads\/2020\/02\/2w1tOPA6I02TCe1Ajlz2EQ.jpg","datePublished":"2020-02-06T21:26:07+00:00","dateModified":"2020-02-06T21:26:08+00:00","breadcrumb":{"@id":"https:\/\/avrupapress.com\/2020\/02\/06\/ab-ile-muzakerelere-yeni-kurallar-geliyor\/#breadcrumb"},"inLanguage":"fr-BE","potentialAction":[{"@type":"ReadAction","target":["https:\/\/avrupapress.com\/2020\/02\/06\/ab-ile-muzakerelere-yeni-kurallar-geliyor\/"]}]},{"@type":"ImageObject","inLanguage":"fr-BE","@id":"https:\/\/avrupapress.com\/2020\/02\/06\/ab-ile-muzakerelere-yeni-kurallar-geliyor\/#primaryimage","url":"https:\/\/avrupapress.com\/main\/wp-content\/uploads\/2020\/02\/2w1tOPA6I02TCe1Ajlz2EQ.jpg","contentUrl":"https:\/\/avrupapress.com\/main\/wp-content\/uploads\/2020\/02\/2w1tOPA6I02TCe1Ajlz2EQ.jpg","width":710,"height":403},{"@type":"BreadcrumbList","@id":"https:\/\/avrupapress.com\/2020\/02\/06\/ab-ile-muzakerelere-yeni-kurallar-geliyor\/#breadcrumb","itemListElement":[{"@type":"ListItem","position":1,"name":"Anasayfa","item":"https:\/\/avrupapress.com\/"},{"@type":"ListItem","position":2,"name":"AB ile m\u00fczakerelere yeni kurallar geliyor"}]},{"@type":"WebSite","@id":"https:\/\/avrupapress.com\/#website","url":"https:\/\/avrupapress.com\/","name":"AvrupaPress","description":"Haberin Adresi","publisher":{"@id":"https:\/\/avrupapress.com\/#\/schema\/person\/0223dca19c72c43575bf30d1a2d8f4fa"},"potentialAction":[{"@type":"SearchAction","target":{"@type":"EntryPoint","urlTemplate":"https:\/\/avrupapress.com\/?s={search_term_string}"},"query-input":{"@type":"PropertyValueSpecification","valueRequired":true,"valueName":"search_term_string"}}],"inLanguage":"fr-BE"},{"@type":["Person","Organization"],"@id":"https:\/\/avrupapress.com\/#\/schema\/person\/0223dca19c72c43575bf30d1a2d8f4fa","name":"Bilgin \u00d6z\u00e7ift\u00e7i","image":{"@type":"ImageObject","inLanguage":"fr-BE","@id":"https:\/\/avrupapress.com\/#\/schema\/person\/image\/","url":"https:\/\/secure.gravatar.com\/avatar\/0f23b280433a21e1ea7a0adcc46ed0ad16afe3ad8e630fd13d8a017dcbd54ef3?s=96&d=mm&r=g","contentUrl":"https:\/\/secure.gravatar.com\/avatar\/0f23b280433a21e1ea7a0adcc46ed0ad16afe3ad8e630fd13d8a017dcbd54ef3?s=96&d=mm&r=g","caption":"Bilgin \u00d6z\u00e7ift\u00e7i"},"logo":{"@id":"https:\/\/avrupapress.com\/#\/schema\/person\/image\/"},"description":"Ne ben, nede sen... Biz ancak \"biz\" olursak g\u00fc\u00e7l\u00fc olabiliriz"},{"@type":"Person","@id":"https:\/\/avrupapress.com\/#\/schema\/person\/68428444ec60970d1e1b700cf4ca1e8f","name":"Edit\u00f6r","image":{"@type":"ImageObject","inLanguage":"fr-BE","@id":"https:\/\/avrupapress.com\/#\/schema\/person\/image\/","url":"https:\/\/secure.gravatar.com\/avatar\/74996b0977aa5f1559ba9883776652508b229005c0d78fb2597897f0bd651c09?s=96&d=mm&r=g","contentUrl":"https:\/\/secure.gravatar.com\/avatar\/74996b0977aa5f1559ba9883776652508b229005c0d78fb2597897f0bd651c09?s=96&d=mm&r=g","caption":"Edit\u00f6r"},"sameAs":["http:\/\/www.avrupapress.com"],"url":"https:\/\/avrupapress.com\/main\/author\/editor\/"}]}},"_links":{"self":[{"href":"https:\/\/avrupapress.com\/main\/wp-json\/wp\/v2\/posts\/10526","targetHints":{"allow":["GET"]}}],"collection":[{"href":"https:\/\/avrupapress.com\/main\/wp-json\/wp\/v2\/posts"}],"about":[{"href":"https:\/\/avrupapress.com\/main\/wp-json\/wp\/v2\/types\/post"}],"author":[{"embeddable":true,"href":"https:\/\/avrupapress.com\/main\/wp-json\/wp\/v2\/users\/3"}],"replies":[{"embeddable":true,"href":"https:\/\/avrupapress.com\/main\/wp-json\/wp\/v2\/comments?post=10526"}],"version-history":[{"count":1,"href":"https:\/\/avrupapress.com\/main\/wp-json\/wp\/v2\/posts\/10526\/revisions"}],"predecessor-version":[{"id":10528,"href":"https:\/\/avrupapress.com\/main\/wp-json\/wp\/v2\/posts\/10526\/revisions\/10528"}],"wp:featuredmedia":[{"embeddable":true,"href":"https:\/\/avrupapress.com\/main\/wp-json\/wp\/v2\/media\/10527"}],"wp:attachment":[{"href":"https:\/\/avrupapress.com\/main\/wp-json\/wp\/v2\/media?parent=10526"}],"wp:term":[{"taxonomy":"category","embeddable":true,"href":"https:\/\/avrupapress.com\/main\/wp-json\/wp\/v2\/categories?post=10526"},{"taxonomy":"post_tag","embeddable":true,"href":"https:\/\/avrupapress.com\/main\/wp-json\/wp\/v2\/tags?post=10526"}],"curies":[{"name":"wp","href":"https:\/\/api.w.org\/{rel}","templated":true}]}}