{"id":10512,"date":"2020-02-05T21:09:59","date_gmt":"2020-02-05T21:09:59","guid":{"rendered":"http:\/\/avrupapress.com\/main\/?p=10512"},"modified":"2020-02-05T21:10:05","modified_gmt":"2020-02-05T21:10:05","slug":"istanbul-sabiha-gokcende-ucak-pistten-cikti-1-kisi-hayatini-kaybetti-157-kisi-yaralandi","status":"publish","type":"post","link":"https:\/\/avrupapress.com\/main\/2020\/02\/05\/istanbul-sabiha-gokcende-ucak-pistten-cikti-1-kisi-hayatini-kaybetti-157-kisi-yaralandi\/","title":{"rendered":"\u0130stanbul Sabiha G\u00f6k\u00e7en&rsquo;de u\u00e7ak pistten \u00e7\u0131kt\u0131: 1 ki\u015fi hayat\u0131n\u0131 kaybetti, 157 ki\u015fi yaraland\u0131"},"content":{"rendered":"\n<p><strong>Sabiha G\u00f6k\u00e7en&rsquo;de \u0130zmir-\u0130stanbul seferini yapan u\u00e7ak pistten \u00e7\u0131kt\u0131. Kaza sonras\u0131 Sabiha G\u00f6k\u00e7en Havaliman\u0131 u\u00e7u\u015flara kapat\u0131ld\u0131. U\u00e7akta 175 yolcu, 2 bebek, 6 m\u00fcrettebat olmak \u00fczere toplam 183 yolcu bulunuyordu.\u00a0 Sa\u011fl\u0131k Bakan\u0131 Fahrettin Koca, \u00ab\u00a0U\u00e7ak kazas\u0131nda bir vatanda\u015f\u0131m\u0131z hayat\u0131n\u0131 kaybetti, 157 yaral\u0131m\u0131z var\u00a0\u00bb a\u00e7\u0131klamas\u0131nda bulundu. Anadolu Cumhuriyet Ba\u015fsavc\u0131l\u0131\u011f\u0131, kazaya ili\u015fkin soru\u015fturma ba\u015flatt\u0131.<\/strong><\/p>\n\n\n\n<p><strong>\u0130zmir-\u0130stanbul<\/strong>&nbsp;seferini yapan Pegasus Havayollar\u0131&rsquo;na&nbsp;ait u\u00e7ak, ini\u015ften sonra Sabiha G\u00f6k\u00e7en Havaliman\u0131&rsquo;nda pistten \u00e7\u0131kt\u0131.<br><br>&nbsp;U\u00e7akta 175 yolcu, 2 bebek, 6 m\u00fcrettebat olmak \u00fczere toplam 183 yolcu bulunuyordu.<br><br>\u00dc\u00e7 par\u00e7aya ayr\u0131ld\u0131\u011f\u0131 g\u00f6r\u00fclen u\u00e7akta bir ki\u015fi hayat\u0131n\u0131 kaybetti, 157 ki\u015fi yaraland\u0131.<\/p>\n\n\n\n<p>Bu arada, Sabiha G\u00f6k\u00e7en Havaliman\u0131&rsquo;na inmesi gereken u\u00e7aklar\u0131n \u0130stanbul Havaliman\u0131&rsquo;na y\u00f6nlendirildi\u011fi \u00f6\u011frenildi.<\/p>\n\n\n\n<figure class=\"wp-block-image size-large\"><img loading=\"lazy\" decoding=\"async\" width=\"750\" height=\"500\" src=\"http:\/\/avrupapress.com\/main\/wp-content\/uploads\/2020\/02\/FjcPQ_1580922681_7382_w750_h500.jpg\" alt=\"\" class=\"wp-image-10513\" srcset=\"https:\/\/avrupapress.com\/main\/wp-content\/uploads\/2020\/02\/FjcPQ_1580922681_7382_w750_h500.jpg 750w, https:\/\/avrupapress.com\/main\/wp-content\/uploads\/2020\/02\/FjcPQ_1580922681_7382_w750_h500-300x200.jpg 300w\" sizes=\"auto, (max-width: 750px) 100vw, 750px\" \/><\/figure>\n\n\n\n<p><strong>\u00ab\u00a030-40 METRE Y\u00dcKSEKL\u0130KTEN YOLA DO\u011eRU D\u00dc\u015eT\u00dc\u00a0\u00bb<\/strong><\/p>\n\n\n\n<p>\u0130stanbul Valisi Ali Yerlikaya, Sabiha G\u00f6k\u00e7en Havaliman\u0131\u2019nda yolcu u\u00e7a\u011f\u0131n\u0131n pistten \u00e7\u0131kt\u0131\u011f\u0131 b\u00f6lgeye geldi. Vali Yerlikaya burada bas\u0131na bir a\u00e7\u0131klama yapt\u0131. Vali Yerlikaya a\u00e7\u0131klamas\u0131nda, \u201cBu ak\u015fam\u00fczeri saat 18.30 civar\u0131nda \u0130zmir-Sabiha G\u00f6k\u00e7en \u0130stanbul seferini yapan Pegasus yolcu u\u00e7a\u011f\u0131 maalesef k\u00f6t\u00fc hava ko\u015fullar\u0131 sebebiyle piste tutunam\u0131yor. Pistten \u00e7\u0131kt\u0131ktan sonra 50 60 metre s\u00fcr\u00fckleniyor. TEM\u2019den E5\u2019e ba\u011flant\u0131 yolunun oldu\u011fu mevkide 30 40 metre y\u00fcksekten buraya d\u00fc\u015f\u00fcyor. 175 yolcu, 2 bebek, 4 m\u00fcrettebat ve 2 pilotumuz var. \u015eu ana kadar hastanelere 120 yaral\u0131 ta\u015f\u0131d\u0131k. \u0130\u00e7eride \u015fu anda arkada\u015flar\u0131m\u0131z yaral\u0131lar\u0131 kurtarma \u00e7al\u0131\u015fmalar\u0131n\u0131 yap\u0131yor. 112\u2019miz, itfaiyemiz, AFAD\u2019\u0131m\u0131z hep birlikte olay yerindeki yaral\u0131lar\u0131m\u0131z\u0131 ilk andan itibaren kurtar\u0131p en yak\u0131n hastaneye ta\u015f\u0131yorlar. Sa\u011fl\u0131k Bakan\u0131m\u0131z da L\u00fctfi K\u0131rdar E\u011fitim Ara\u015ft\u0131rma Hastanesi\u2019nde. Birazda havaliman\u0131ndaki kriz merkezine ge\u00e7ece\u011fiz. 1 saat sonra tekrar sizlerle bulu\u015faca\u011f\u0131z. Bir sat \u00f6nceki rakamla \u015fimdiki rakam farkl\u0131. \u00dcz\u00fcnt\u00fcm\u00fcz b\u00fcy\u00fck. Yaral\u0131lar\u0131m\u0131za acil \u015fifalar diliyoruz.<br><br>Ger\u00e7ekten daha b\u00fcy\u00fck bir kaza olmas\u0131ndan, bu \u015fekilde kurtuldu\u011fumuz i\u00e7in mutluyuz. Yang\u0131n \u00e7\u0131kabilirdi. So\u011futma \u00e7al\u0131\u015fmalar\u0131 eper vakit s\u00fcrd\u00fc. 1 2 arkada\u015f\u0131m\u0131z haricinde yaral\u0131lar\u0131n hepsi hafif. Havaliman\u0131 \u015fu anda kapal\u0131\u201d dedi.<\/p>\n\n\n\n<figure class=\"wp-block-image size-large\"><img loading=\"lazy\" decoding=\"async\" width=\"750\" height=\"500\" src=\"http:\/\/avrupapress.com\/main\/wp-content\/uploads\/2020\/02\/06jVy_1580922685_0473_w750_h500.jpg\" alt=\"\" class=\"wp-image-10514\" srcset=\"https:\/\/avrupapress.com\/main\/wp-content\/uploads\/2020\/02\/06jVy_1580922685_0473_w750_h500.jpg 750w, https:\/\/avrupapress.com\/main\/wp-content\/uploads\/2020\/02\/06jVy_1580922685_0473_w750_h500-300x200.jpg 300w\" sizes=\"auto, (max-width: 750px) 100vw, 750px\" \/><\/figure>\n\n\n\n<p><strong><a href=\"https:\/\/www.ntv.com.tr\/galeri\/turkiye\/sabiha-gokcende-pistten-cikan-ucaktan-ilk-goruntuler,knsc0AxdEUy4es-vBqn4sA\">OLAY YER\u0130NDEN FOTO\u011eRAFLAR<\/a><\/strong><\/p>\n\n\n\n<p><strong>U\u00c7AKTA 155 T\u00dcRK YOLCU BULUNUYORDU<\/strong><\/p>\n\n\n\n<p>U\u00e7akta 155&rsquo;i T\u00fcrk olmak \u00fczere, 4 ABDli, 4 \u00c7inli, 3 Irakl\u0131, 2 \u0130srailli, 2 K\u0131rg\u0131zistanl\u0131, 1 \u0130sve\u00e7li, 1 Suriyeli, 1 L\u00fcbnanl\u0131, 1 Kazakistanl\u0131, 1 Fasl\u0131 ve 1 T\u00fcrkmenistanl\u0131 yolcunun oldu\u011fu aktar\u0131ld\u0131.<\/p>\n\n\n\n<p>A\u00e7elya isimli par\u00e7alanan u\u00e7a\u011f\u0131n&nbsp;Boeing 737-86J tipi oldu\u011fu belirtildi.<\/p>\n\n\n\n<figure class=\"wp-block-image\"><img decoding=\"async\" src=\"https:\/\/cdn1.ntv.com.tr\/gorsel\/YHz2hVT6r0y-nOzLVx6f8g.jpg?width=960&amp;mode=crop&amp;scale=both\" alt=\"\"\/><\/figure>\n\n\n\n<figure class=\"wp-block-image size-large\"><img loading=\"lazy\" decoding=\"async\" width=\"750\" height=\"503\" src=\"http:\/\/avrupapress.com\/main\/wp-content\/uploads\/2020\/02\/3bQyG_1580922687_1294_w750_h503.jpg\" alt=\"\" class=\"wp-image-10515\" srcset=\"https:\/\/avrupapress.com\/main\/wp-content\/uploads\/2020\/02\/3bQyG_1580922687_1294_w750_h503.jpg 750w, https:\/\/avrupapress.com\/main\/wp-content\/uploads\/2020\/02\/3bQyG_1580922687_1294_w750_h503-300x201.jpg 300w\" sizes=\"auto, (max-width: 750px) 100vw, 750px\" \/><\/figure>\n\n\n\n<p>&nbsp;<strong>ULA\u015eTIRMA BAKANI: KAZADA CAN KAYBI YOK, TAHL\u0130YE S\u00dcR\u00dcYOR<\/strong><br><br><strong>NTV<\/strong>&nbsp;canl\u0131 yay\u0131n\u0131nda kazaya ili\u015fkin de\u011ferlendirmelerde bulunan&nbsp;<strong>Ula\u015ft\u0131rma ve Altyap\u0131 Bakan\u0131 Cahit Turhan<\/strong>, \u015funlar\u0131 kaydetti:<br><br>\u00ab\u00a0\u015eu anda bize ula\u015fan bilgilere g\u00f6re can kayb\u0131 yok. Yaral\u0131lar\u0131n \u015fu anda baz\u0131lar\u0131 kendi imkanlar\u0131yla u\u00e7aktan ayr\u0131ld\u0131. Baz\u0131lar\u0131n\u0131 da acil servis birimlerimiz ve ekiplerimiz u\u00e7a\u011f\u0131n i\u00e7erisinden \u00e7\u0131karmaya \u00e7al\u0131\u015f\u0131yorlar yolcular\u0131. Yaral\u0131lar\u0131n tahliyesi devam ediyor. 177 yolcu bunun 2&rsquo;si \u00e7ocuk. 6 da m\u00fcrettebat vard\u0131 u\u00e7akta. Ald\u0131\u011f\u0131m\u0131z bilgilere g\u00f6re sert ini\u015f sonucu pist ba\u015f\u0131ndan \u00e7\u0131karak araziye s\u00fcr\u00fcklendi. U\u00e7akta k\u0131r\u0131m olu\u015ftu. Yolcular\u0131n \u00f6nemli bir k\u0131sm\u0131 kendi imkanlar\u0131yla u\u00e7a\u011f\u0131 terk etti. \u0130\u00e7eride olanlar da ekiplerimiz taraf\u0131ndan tahliye dilmeye \u00e7al\u0131\u015f\u0131l\u0131yor.\u00a0\u00bb<br><br>Turhan kazan\u0131n olu\u015f \u015fekline ili\u015fkin ise \u00ab\u00a0Bize gelen bilgiye g\u00f6re kaza sert birini\u015f yap\u0131ld\u0131\u011f\u0131 ve h\u0131z\u0131n\u0131 kesemeyip pist ba\u015f\u0131ndan araziye \u00e7\u0131kmas\u0131 sonucu olu\u015ftu. Pilotlarla bir irtibat hala kurulamad\u0131. Oradaki arkada\u015flar\u0131m\u0131zla g\u00f6r\u00fc\u015f\u00fcp anbean bilgi al\u0131yoruz. 32&rsquo;ye yak\u0131n ambulans olay yerine gitti. Bunlarla yaral\u0131lar hastanelere sevk ediliyor\u00a0\u00bb ifadelerini kulland\u0131.<br><br><strong>\u0130STANBUL VAL\u0130S\u0130: 52 K\u0130\u015e\u0130 HASTANELERE KALDIRILDI<\/strong><br><br><strong>\u0130stanbul<\/strong>&nbsp;Valisi Ali Yerlikaya, pistten \u00e7\u0131kan u\u00e7a\u011fa ili\u015fkin,&nbsp;Sabiha G\u00f6k\u00e7en Havaliman\u0131&rsquo;ndan saat 19.40 itibar\u0131yla 52 yaral\u0131n\u0131n ambulanslarla \u00e7evredeki hastanelere sevk edildi\u011fi bilgisini verdi.&nbsp;<br><br>Yerlikaya, Twitter hesab\u0131ndan kazaya ili\u015fkin yapt\u0131\u011f\u0131 payla\u015f\u0131mda, \u00ab\u00a0Sabiha G\u00f6k\u00e7en Havaliman\u0131&rsquo;ndan saat 19.40 itibar\u0131yla 52 yaral\u0131m\u0131z\u0131 ambulanslarla \u00e7evredeki hastanelere sevk ettik.&nbsp;112 Acil, 110 \u0130tfaiye ve AFAD ekiplerimizce ba\u015flat\u0131lan tahliye \u00e7al\u0131\u015fmalar\u0131m\u0131z devam ediyor.&nbsp;Geli\u015fmeleri payla\u015fmaya devam edece\u011fiz\u00a0\u00bb ifadelerini kulland\u0131.<br><br><strong>SAB\u0130HA G\u00d6K\u00c7EN HAVAL\u0130MANI&rsquo;NA G\u0130DERKEN KAZA GE\u00c7\u0130REN 5 POL\u0130S YARALANDI<\/strong><br><\/p>\n\n\n\n<p>Sabiha G\u00f6k\u00e7en Uluslararas\u0131 Havaliman\u0131&rsquo;nda, u\u00e7a\u011f\u0131n pistten \u00e7\u0131kmas\u0131 sonras\u0131nda b\u00f6lgeye giden 5 \u00f6zel harekat polisi, ge\u00e7irdikleri trafik kazas\u0131nda yaraland\u0131.&nbsp;<br><\/p>\n\n\n\n<p>Havaliman\u0131 yak\u0131nlar\u0131nda meydana gelen kazada yaralanan polisler, ambulansla \u00e7evredeki hastanelere kald\u0131r\u0131ld\u0131.<\/p>\n\n\n\n<p><strong>PEGASUS&rsquo;TAN A\u00c7IKLAMA<\/strong><\/p>\n\n\n\n<p>Pegasus Hava Yollar\u0131,\u00a0\u0130stanbul Sabiha G\u00f6k\u00e7en Uluslararas\u0131 Havaliman\u0131&rsquo;nda pistten \u00e7\u0131kan u\u00e7ak nedeniyle\u00a0can kayb\u0131 bulunmad\u0131\u011f\u0131n\u0131, yaral\u0131 yolcular\u0131n hastanelere sevk edildi\u011fini bildirdi.<br><br>Pegasus Hava Yollar\u0131&rsquo;ndan konuya ili\u015fkin yap\u0131lan a\u00e7\u0131klamada, \u00ab\u00a0\u0130zmir Adnan Menderes-Sabiha G\u00f6k\u00e7en seferini yapan PC2193 sefer say\u0131l\u0131 TC-IZK kuyruk tescilli u\u00e7a\u011f\u0131m\u0131z, bug\u00fcn \u0130stanbul Sabiha G\u00f6k\u00e7en Havaliman\u0131&rsquo;na ini\u015f yapt\u0131ktan sonra pistten \u00e7\u0131km\u0131\u015ft\u0131r. An itibar\u0131yla, can kayb\u0131 bulunmuyor, yaral\u0131 yolcular\u0131m\u0131z hastanelere sevk ediliyor. Geli\u015fmelerle ilgili bilgi verilmeye devam edilecektir\u00a0\u00bb ifadelerine yer verildi.<br><br><strong>THY&rsquo;DEN A\u00c7IKLAMA<\/strong><br><br>T\u00fcrk Hava Yollar\u0131 Bas\u0131n M\u00fcsaviri Yahya \u00dcst\u00fcn&rsquo;\u00fcn yapt\u0131\u011f\u0131 a\u00e7\u0131klamada, \u00ab\u00a0U\u00e7u\u015f trafi\u011finin durdurulmas\u0131 nedeniyle 5 \u015eubat tarihli Sabiha G\u00f6k\u00e7en Havaliman\u0131 kalk\u0131\u015fl\u0131 ve var\u0131\u015fl\u0131 t\u00fcm seferlerimiz iptal edilmi\u015ftir. Misafirlerimiz u\u00e7u\u015flar\u0131 ile ilgili durumu web sitemiz ya da \u00e7a\u011fr\u0131 merkezimiz arac\u0131l\u0131\u011f\u0131yla \u00f6\u011frenebilirler\u00a0\u00bb denildi.<br><br><strong>SORU\u015eTURMA\u00a0BA\u015eLATILDI<\/strong><br><br>Anadolu Cumhuriyet Ba\u015fsavc\u0131l\u0131\u011f\u0131, Sabiha G\u00f6k\u00e7en Havaliman\u0131&rsquo;ndaki u\u00e7a\u011f\u0131n pistten \u00e7\u0131kmas\u0131na ili\u015fkin soru\u015fturma ba\u015flatt\u0131.<br><br><strong>SAB\u0130HA G\u00d6K\u00c7EN&rsquo;DE P\u0130STTEN \u00c7IKAN U\u00c7AKTAN \u0130LK G\u00d6R\u00dcNT\u00dc<\/strong><\/p>\n\n\n\n<figure class=\"wp-block-image size-large\"><img loading=\"lazy\" decoding=\"async\" width=\"640\" height=\"425\" src=\"http:\/\/avrupapress.com\/main\/wp-content\/uploads\/2020\/02\/son-dakika-sabiha-gokcen-deki-ucak-kazasinda-ilk-12889300_2870_m.jpg\" alt=\"\" class=\"wp-image-10516\" srcset=\"https:\/\/avrupapress.com\/main\/wp-content\/uploads\/2020\/02\/son-dakika-sabiha-gokcen-deki-ucak-kazasinda-ilk-12889300_2870_m.jpg 640w, https:\/\/avrupapress.com\/main\/wp-content\/uploads\/2020\/02\/son-dakika-sabiha-gokcen-deki-ucak-kazasinda-ilk-12889300_2870_m-300x199.jpg 300w\" sizes=\"auto, (max-width: 640px) 100vw, 640px\" \/><\/figure>\n\n\n\n<figure class=\"wp-block-image size-large\"><img loading=\"lazy\" decoding=\"async\" width=\"640\" height=\"390\" src=\"http:\/\/avrupapress.com\/main\/wp-content\/uploads\/2020\/02\/son-dakika-sabiha-gokcen-deki-ucak-kazasinda-ilk-12889300_1771_m.jpg\" alt=\"\" class=\"wp-image-10517\" srcset=\"https:\/\/avrupapress.com\/main\/wp-content\/uploads\/2020\/02\/son-dakika-sabiha-gokcen-deki-ucak-kazasinda-ilk-12889300_1771_m.jpg 640w, https:\/\/avrupapress.com\/main\/wp-content\/uploads\/2020\/02\/son-dakika-sabiha-gokcen-deki-ucak-kazasinda-ilk-12889300_1771_m-300x183.jpg 300w\" sizes=\"auto, (max-width: 640px) 100vw, 640px\" \/><\/figure>\n\n\n\n<figure class=\"wp-block-image size-large\"><img loading=\"lazy\" decoding=\"async\" width=\"640\" height=\"425\" src=\"http:\/\/avrupapress.com\/main\/wp-content\/uploads\/2020\/02\/son-dakika-sabiha-gokcen-deki-ucak-kazasinda-ilk-12889300_7644_m.jpg\" alt=\"\" class=\"wp-image-10518\" srcset=\"https:\/\/avrupapress.com\/main\/wp-content\/uploads\/2020\/02\/son-dakika-sabiha-gokcen-deki-ucak-kazasinda-ilk-12889300_7644_m.jpg 640w, https:\/\/avrupapress.com\/main\/wp-content\/uploads\/2020\/02\/son-dakika-sabiha-gokcen-deki-ucak-kazasinda-ilk-12889300_7644_m-300x199.jpg 300w\" sizes=\"auto, (max-width: 640px) 100vw, 640px\" \/><\/figure>\n\n\n\n<figure class=\"wp-block-image size-large\"><img loading=\"lazy\" decoding=\"async\" width=\"640\" height=\"453\" src=\"http:\/\/avrupapress.com\/main\/wp-content\/uploads\/2020\/02\/son-dakika-sabiha-gokcen-deki-ucak-kazasinda-ilk-12889300_592_m.jpg\" alt=\"\" class=\"wp-image-10519\" srcset=\"https:\/\/avrupapress.com\/main\/wp-content\/uploads\/2020\/02\/son-dakika-sabiha-gokcen-deki-ucak-kazasinda-ilk-12889300_592_m.jpg 640w, https:\/\/avrupapress.com\/main\/wp-content\/uploads\/2020\/02\/son-dakika-sabiha-gokcen-deki-ucak-kazasinda-ilk-12889300_592_m-300x212.jpg 300w\" sizes=\"auto, (max-width: 640px) 100vw, 640px\" \/><\/figure>\n\n\n\n<figure class=\"wp-block-image size-large\"><img loading=\"lazy\" decoding=\"async\" width=\"640\" height=\"425\" src=\"http:\/\/avrupapress.com\/main\/wp-content\/uploads\/2020\/02\/son-dakika-sabiha-gokcen-deki-ucak-kazasinda-ilk-12889300_4763_m.jpg\" alt=\"\" class=\"wp-image-10520\" srcset=\"https:\/\/avrupapress.com\/main\/wp-content\/uploads\/2020\/02\/son-dakika-sabiha-gokcen-deki-ucak-kazasinda-ilk-12889300_4763_m.jpg 640w, https:\/\/avrupapress.com\/main\/wp-content\/uploads\/2020\/02\/son-dakika-sabiha-gokcen-deki-ucak-kazasinda-ilk-12889300_4763_m-300x199.jpg 300w\" sizes=\"auto, (max-width: 640px) 100vw, 640px\" \/><\/figure>\n\n\n\n<figure class=\"wp-block-image size-large\"><img loading=\"lazy\" decoding=\"async\" width=\"640\" height=\"425\" src=\"http:\/\/avrupapress.com\/main\/wp-content\/uploads\/2020\/02\/son-dakika-sabiha-gokcen-deki-ucak-kazasinda-ilk-12889300_35_m.jpg\" alt=\"\" class=\"wp-image-10521\" srcset=\"https:\/\/avrupapress.com\/main\/wp-content\/uploads\/2020\/02\/son-dakika-sabiha-gokcen-deki-ucak-kazasinda-ilk-12889300_35_m.jpg 640w, https:\/\/avrupapress.com\/main\/wp-content\/uploads\/2020\/02\/son-dakika-sabiha-gokcen-deki-ucak-kazasinda-ilk-12889300_35_m-300x199.jpg 300w\" sizes=\"auto, (max-width: 640px) 100vw, 640px\" \/><\/figure>\n\n\n\n<figure class=\"wp-block-image size-large\"><img loading=\"lazy\" decoding=\"async\" width=\"640\" height=\"340\" src=\"http:\/\/avrupapress.com\/main\/wp-content\/uploads\/2020\/02\/son-dakika-sabiha-gokcen-deki-ucak-kazasinda-ilk-12889300_8701_o.jpg\" alt=\"\" class=\"wp-image-10522\" srcset=\"https:\/\/avrupapress.com\/main\/wp-content\/uploads\/2020\/02\/son-dakika-sabiha-gokcen-deki-ucak-kazasinda-ilk-12889300_8701_o.jpg 640w, https:\/\/avrupapress.com\/main\/wp-content\/uploads\/2020\/02\/son-dakika-sabiha-gokcen-deki-ucak-kazasinda-ilk-12889300_8701_o-300x159.jpg 300w\" sizes=\"auto, (max-width: 640px) 100vw, 640px\" \/><\/figure>\n\n\n\n<p><br><\/p>\n","protected":false},"excerpt":{"rendered":"<p>Sabiha G\u00f6k\u00e7en&rsquo;de \u0130zmir-\u0130stanbul seferini yapan u\u00e7ak pistten \u00e7\u0131kt\u0131. Kaza sonras\u0131 Sabiha G\u00f6k\u00e7en Havaliman\u0131 u\u00e7u\u015flara kapat\u0131ld\u0131. U\u00e7akta 175 yolcu, 2 bebek, 6 m\u00fcrettebat olmak \u00fczere toplam 183 yolcu bulunuyordu.\u00a0 Sa\u011fl\u0131k Bakan\u0131 Fahrettin Koca, \u00ab\u00a0U\u00e7ak kazas\u0131nda bir vatanda\u015f\u0131m\u0131z hayat\u0131n\u0131 kaybetti, 157 yaral\u0131m\u0131z var\u00a0\u00bb a\u00e7\u0131klamas\u0131nda bulundu. Anadolu Cumhuriyet Ba\u015fsavc\u0131l\u0131\u011f\u0131, kazaya ili\u015fkin soru\u015fturma ba\u015flatt\u0131. \u0130zmir-\u0130stanbul&nbsp;seferini yapan Pegasus Havayollar\u0131&rsquo;na&nbsp;ait u\u00e7ak, [&hellip;]<\/p>\n","protected":false},"author":3,"featured_media":10517,"comment_status":"closed","ping_status":"open","sticky":false,"template":"","format":"standard","meta":{"footnotes":""},"categories":[14,16,3,17,18,15,19,2,1],"tags":[],"class_list":["post-10512","post","type-post","status-publish","format-standard","has-post-thumbnail","hentry","category-avrupa","category-belcika","category-dunya","category-ekonomi","category-kultur-sanat","category-spor","category-tanitim","category-turkiye","category-uncategorized"],"yoast_head":"<!-- This site is optimized with the Yoast SEO plugin v26.9 - https:\/\/yoast.com\/product\/yoast-seo-wordpress\/ -->\n<title>\u0130stanbul Sabiha G\u00f6k\u00e7en&#039;de u\u00e7ak pistten \u00e7\u0131kt\u0131: 1 ki\u015fi hayat\u0131n\u0131 kaybetti, 157 ki\u015fi yaraland\u0131 - AvrupaPress<\/title>\n<meta name=\"robots\" content=\"index, follow, max-snippet:-1, max-image-preview:large, max-video-preview:-1\" \/>\n<link rel=\"canonical\" href=\"https:\/\/avrupapress.com\/2020\/02\/05\/istanbul-sabiha-gokcende-ucak-pistten-cikti-1-kisi-hayatini-kaybetti-157-kisi-yaralandi\/\" \/>\n<meta property=\"og:locale\" content=\"fr_FR\" \/>\n<meta property=\"og:type\" content=\"article\" \/>\n<meta property=\"og:title\" content=\"\u0130stanbul Sabiha G\u00f6k\u00e7en&#039;de u\u00e7ak pistten \u00e7\u0131kt\u0131: 1 ki\u015fi hayat\u0131n\u0131 kaybetti, 157 ki\u015fi yaraland\u0131 - AvrupaPress\" \/>\n<meta property=\"og:description\" content=\"Sabiha G\u00f6k\u00e7en&rsquo;de \u0130zmir-\u0130stanbul seferini yapan u\u00e7ak pistten \u00e7\u0131kt\u0131. Kaza sonras\u0131 Sabiha G\u00f6k\u00e7en Havaliman\u0131 u\u00e7u\u015flara kapat\u0131ld\u0131. U\u00e7akta 175 yolcu, 2 bebek, 6 m\u00fcrettebat olmak \u00fczere toplam 183 yolcu bulunuyordu.\u00a0 Sa\u011fl\u0131k Bakan\u0131 Fahrettin Koca, \u00ab\u00a0U\u00e7ak kazas\u0131nda bir vatanda\u015f\u0131m\u0131z hayat\u0131n\u0131 kaybetti, 157 yaral\u0131m\u0131z var\u00a0\u00bb a\u00e7\u0131klamas\u0131nda bulundu. Anadolu Cumhuriyet Ba\u015fsavc\u0131l\u0131\u011f\u0131, kazaya ili\u015fkin soru\u015fturma ba\u015flatt\u0131. \u0130zmir-\u0130stanbul&nbsp;seferini yapan Pegasus Havayollar\u0131&rsquo;na&nbsp;ait u\u00e7ak, [&hellip;]\" \/>\n<meta property=\"og:url\" content=\"https:\/\/avrupapress.com\/2020\/02\/05\/istanbul-sabiha-gokcende-ucak-pistten-cikti-1-kisi-hayatini-kaybetti-157-kisi-yaralandi\/\" \/>\n<meta property=\"og:site_name\" content=\"AvrupaPress\" \/>\n<meta property=\"article:published_time\" content=\"2020-02-05T21:09:59+00:00\" \/>\n<meta property=\"article:modified_time\" content=\"2020-02-05T21:10:05+00:00\" \/>\n<meta property=\"og:image\" content=\"https:\/\/avrupapress.com\/wp-content\/uploads\/2020\/02\/son-dakika-sabiha-gokcen-deki-ucak-kazasinda-ilk-12889300_1771_m.jpg\" \/>\n\t<meta property=\"og:image:width\" content=\"640\" \/>\n\t<meta property=\"og:image:height\" content=\"390\" \/>\n\t<meta property=\"og:image:type\" content=\"image\/jpeg\" \/>\n<meta name=\"author\" content=\"Edit\u00f6r\" \/>\n<meta name=\"twitter:card\" content=\"summary_large_image\" \/>\n<meta name=\"twitter:label1\" content=\"\u00c9crit par\" \/>\n\t<meta name=\"twitter:data1\" content=\"Edit\u00f6r\" \/>\n\t<meta name=\"twitter:label2\" content=\"Dur\u00e9e de lecture est.\" \/>\n\t<meta name=\"twitter:data2\" content=\"5 minutes\" \/>\n<script type=\"application\/ld+json\" class=\"yoast-schema-graph\">{\"@context\":\"https:\/\/schema.org\",\"@graph\":[{\"@type\":\"Article\",\"@id\":\"https:\/\/avrupapress.com\/2020\/02\/05\/istanbul-sabiha-gokcende-ucak-pistten-cikti-1-kisi-hayatini-kaybetti-157-kisi-yaralandi\/#article\",\"isPartOf\":{\"@id\":\"https:\/\/avrupapress.com\/2020\/02\/05\/istanbul-sabiha-gokcende-ucak-pistten-cikti-1-kisi-hayatini-kaybetti-157-kisi-yaralandi\/\"},\"author\":{\"name\":\"Edit\u00f6r\",\"@id\":\"https:\/\/avrupapress.com\/#\/schema\/person\/68428444ec60970d1e1b700cf4ca1e8f\"},\"headline\":\"\u0130stanbul Sabiha G\u00f6k\u00e7en&rsquo;de u\u00e7ak pistten \u00e7\u0131kt\u0131: 1 ki\u015fi hayat\u0131n\u0131 kaybetti, 157 ki\u015fi yaraland\u0131\",\"datePublished\":\"2020-02-05T21:09:59+00:00\",\"dateModified\":\"2020-02-05T21:10:05+00:00\",\"mainEntityOfPage\":{\"@id\":\"https:\/\/avrupapress.com\/2020\/02\/05\/istanbul-sabiha-gokcende-ucak-pistten-cikti-1-kisi-hayatini-kaybetti-157-kisi-yaralandi\/\"},\"wordCount\":1023,\"publisher\":{\"@id\":\"https:\/\/avrupapress.com\/#\/schema\/person\/0223dca19c72c43575bf30d1a2d8f4fa\"},\"image\":{\"@id\":\"https:\/\/avrupapress.com\/2020\/02\/05\/istanbul-sabiha-gokcende-ucak-pistten-cikti-1-kisi-hayatini-kaybetti-157-kisi-yaralandi\/#primaryimage\"},\"thumbnailUrl\":\"https:\/\/avrupapress.com\/main\/wp-content\/uploads\/2020\/02\/son-dakika-sabiha-gokcen-deki-ucak-kazasinda-ilk-12889300_1771_m.jpg\",\"articleSection\":[\"Avrupa\",\"Bel\u00e7ika\",\"D\u00fcnya\",\"Ekonomi\",\"K\u00fclt\u00fcr-Sanat\",\"Spor\",\"Tan\u0131t\u0131m\",\"T\u00fcrkiye\",\"Uncategorized\"],\"inLanguage\":\"fr-BE\"},{\"@type\":\"WebPage\",\"@id\":\"https:\/\/avrupapress.com\/2020\/02\/05\/istanbul-sabiha-gokcende-ucak-pistten-cikti-1-kisi-hayatini-kaybetti-157-kisi-yaralandi\/\",\"url\":\"https:\/\/avrupapress.com\/2020\/02\/05\/istanbul-sabiha-gokcende-ucak-pistten-cikti-1-kisi-hayatini-kaybetti-157-kisi-yaralandi\/\",\"name\":\"\u0130stanbul Sabiha G\u00f6k\u00e7en'de u\u00e7ak pistten \u00e7\u0131kt\u0131: 1 ki\u015fi hayat\u0131n\u0131 kaybetti, 157 ki\u015fi yaraland\u0131 - AvrupaPress\",\"isPartOf\":{\"@id\":\"https:\/\/avrupapress.com\/#website\"},\"primaryImageOfPage\":{\"@id\":\"https:\/\/avrupapress.com\/2020\/02\/05\/istanbul-sabiha-gokcende-ucak-pistten-cikti-1-kisi-hayatini-kaybetti-157-kisi-yaralandi\/#primaryimage\"},\"image\":{\"@id\":\"https:\/\/avrupapress.com\/2020\/02\/05\/istanbul-sabiha-gokcende-ucak-pistten-cikti-1-kisi-hayatini-kaybetti-157-kisi-yaralandi\/#primaryimage\"},\"thumbnailUrl\":\"https:\/\/avrupapress.com\/main\/wp-content\/uploads\/2020\/02\/son-dakika-sabiha-gokcen-deki-ucak-kazasinda-ilk-12889300_1771_m.jpg\",\"datePublished\":\"2020-02-05T21:09:59+00:00\",\"dateModified\":\"2020-02-05T21:10:05+00:00\",\"breadcrumb\":{\"@id\":\"https:\/\/avrupapress.com\/2020\/02\/05\/istanbul-sabiha-gokcende-ucak-pistten-cikti-1-kisi-hayatini-kaybetti-157-kisi-yaralandi\/#breadcrumb\"},\"inLanguage\":\"fr-BE\",\"potentialAction\":[{\"@type\":\"ReadAction\",\"target\":[\"https:\/\/avrupapress.com\/2020\/02\/05\/istanbul-sabiha-gokcende-ucak-pistten-cikti-1-kisi-hayatini-kaybetti-157-kisi-yaralandi\/\"]}]},{\"@type\":\"ImageObject\",\"inLanguage\":\"fr-BE\",\"@id\":\"https:\/\/avrupapress.com\/2020\/02\/05\/istanbul-sabiha-gokcende-ucak-pistten-cikti-1-kisi-hayatini-kaybetti-157-kisi-yaralandi\/#primaryimage\",\"url\":\"https:\/\/avrupapress.com\/main\/wp-content\/uploads\/2020\/02\/son-dakika-sabiha-gokcen-deki-ucak-kazasinda-ilk-12889300_1771_m.jpg\",\"contentUrl\":\"https:\/\/avrupapress.com\/main\/wp-content\/uploads\/2020\/02\/son-dakika-sabiha-gokcen-deki-ucak-kazasinda-ilk-12889300_1771_m.jpg\",\"width\":640,\"height\":390},{\"@type\":\"BreadcrumbList\",\"@id\":\"https:\/\/avrupapress.com\/2020\/02\/05\/istanbul-sabiha-gokcende-ucak-pistten-cikti-1-kisi-hayatini-kaybetti-157-kisi-yaralandi\/#breadcrumb\",\"itemListElement\":[{\"@type\":\"ListItem\",\"position\":1,\"name\":\"Anasayfa\",\"item\":\"https:\/\/avrupapress.com\/\"},{\"@type\":\"ListItem\",\"position\":2,\"name\":\"\u0130stanbul Sabiha G\u00f6k\u00e7en&#8217;de u\u00e7ak pistten \u00e7\u0131kt\u0131: 1 ki\u015fi hayat\u0131n\u0131 kaybetti, 157 ki\u015fi yaraland\u0131\"}]},{\"@type\":\"WebSite\",\"@id\":\"https:\/\/avrupapress.com\/#website\",\"url\":\"https:\/\/avrupapress.com\/\",\"name\":\"AvrupaPress\",\"description\":\"Haberin Adresi\",\"publisher\":{\"@id\":\"https:\/\/avrupapress.com\/#\/schema\/person\/0223dca19c72c43575bf30d1a2d8f4fa\"},\"potentialAction\":[{\"@type\":\"SearchAction\",\"target\":{\"@type\":\"EntryPoint\",\"urlTemplate\":\"https:\/\/avrupapress.com\/?s={search_term_string}\"},\"query-input\":{\"@type\":\"PropertyValueSpecification\",\"valueRequired\":true,\"valueName\":\"search_term_string\"}}],\"inLanguage\":\"fr-BE\"},{\"@type\":[\"Person\",\"Organization\"],\"@id\":\"https:\/\/avrupapress.com\/#\/schema\/person\/0223dca19c72c43575bf30d1a2d8f4fa\",\"name\":\"Bilgin \u00d6z\u00e7ift\u00e7i\",\"image\":{\"@type\":\"ImageObject\",\"inLanguage\":\"fr-BE\",\"@id\":\"https:\/\/avrupapress.com\/#\/schema\/person\/image\/\",\"url\":\"https:\/\/secure.gravatar.com\/avatar\/0f23b280433a21e1ea7a0adcc46ed0ad16afe3ad8e630fd13d8a017dcbd54ef3?s=96&d=mm&r=g\",\"contentUrl\":\"https:\/\/secure.gravatar.com\/avatar\/0f23b280433a21e1ea7a0adcc46ed0ad16afe3ad8e630fd13d8a017dcbd54ef3?s=96&d=mm&r=g\",\"caption\":\"Bilgin \u00d6z\u00e7ift\u00e7i\"},\"logo\":{\"@id\":\"https:\/\/avrupapress.com\/#\/schema\/person\/image\/\"},\"description\":\"Ne ben, nede sen... Biz ancak \\\"biz\\\" olursak g\u00fc\u00e7l\u00fc olabiliriz\"},{\"@type\":\"Person\",\"@id\":\"https:\/\/avrupapress.com\/#\/schema\/person\/68428444ec60970d1e1b700cf4ca1e8f\",\"name\":\"Edit\u00f6r\",\"image\":{\"@type\":\"ImageObject\",\"inLanguage\":\"fr-BE\",\"@id\":\"https:\/\/avrupapress.com\/#\/schema\/person\/image\/\",\"url\":\"https:\/\/secure.gravatar.com\/avatar\/74996b0977aa5f1559ba9883776652508b229005c0d78fb2597897f0bd651c09?s=96&d=mm&r=g\",\"contentUrl\":\"https:\/\/secure.gravatar.com\/avatar\/74996b0977aa5f1559ba9883776652508b229005c0d78fb2597897f0bd651c09?s=96&d=mm&r=g\",\"caption\":\"Edit\u00f6r\"},\"sameAs\":[\"http:\/\/www.avrupapress.com\"],\"url\":\"https:\/\/avrupapress.com\/main\/author\/editor\/\"}]}<\/script>\n<!-- \/ Yoast SEO plugin. -->","yoast_head_json":{"title":"\u0130stanbul Sabiha G\u00f6k\u00e7en'de u\u00e7ak pistten \u00e7\u0131kt\u0131: 1 ki\u015fi hayat\u0131n\u0131 kaybetti, 157 ki\u015fi yaraland\u0131 - AvrupaPress","robots":{"index":"index","follow":"follow","max-snippet":"max-snippet:-1","max-image-preview":"max-image-preview:large","max-video-preview":"max-video-preview:-1"},"canonical":"https:\/\/avrupapress.com\/2020\/02\/05\/istanbul-sabiha-gokcende-ucak-pistten-cikti-1-kisi-hayatini-kaybetti-157-kisi-yaralandi\/","og_locale":"fr_FR","og_type":"article","og_title":"\u0130stanbul Sabiha G\u00f6k\u00e7en'de u\u00e7ak pistten \u00e7\u0131kt\u0131: 1 ki\u015fi hayat\u0131n\u0131 kaybetti, 157 ki\u015fi yaraland\u0131 - AvrupaPress","og_description":"Sabiha G\u00f6k\u00e7en&rsquo;de \u0130zmir-\u0130stanbul seferini yapan u\u00e7ak pistten \u00e7\u0131kt\u0131. Kaza sonras\u0131 Sabiha G\u00f6k\u00e7en Havaliman\u0131 u\u00e7u\u015flara kapat\u0131ld\u0131. U\u00e7akta 175 yolcu, 2 bebek, 6 m\u00fcrettebat olmak \u00fczere toplam 183 yolcu bulunuyordu.\u00a0 Sa\u011fl\u0131k Bakan\u0131 Fahrettin Koca, \u00ab\u00a0U\u00e7ak kazas\u0131nda bir vatanda\u015f\u0131m\u0131z hayat\u0131n\u0131 kaybetti, 157 yaral\u0131m\u0131z var\u00a0\u00bb a\u00e7\u0131klamas\u0131nda bulundu. Anadolu Cumhuriyet Ba\u015fsavc\u0131l\u0131\u011f\u0131, kazaya ili\u015fkin soru\u015fturma ba\u015flatt\u0131. \u0130zmir-\u0130stanbul&nbsp;seferini yapan Pegasus Havayollar\u0131&rsquo;na&nbsp;ait u\u00e7ak, [&hellip;]","og_url":"https:\/\/avrupapress.com\/2020\/02\/05\/istanbul-sabiha-gokcende-ucak-pistten-cikti-1-kisi-hayatini-kaybetti-157-kisi-yaralandi\/","og_site_name":"AvrupaPress","article_published_time":"2020-02-05T21:09:59+00:00","article_modified_time":"2020-02-05T21:10:05+00:00","og_image":[{"width":640,"height":390,"url":"https:\/\/avrupapress.com\/wp-content\/uploads\/2020\/02\/son-dakika-sabiha-gokcen-deki-ucak-kazasinda-ilk-12889300_1771_m.jpg","type":"image\/jpeg"}],"author":"Edit\u00f6r","twitter_card":"summary_large_image","twitter_misc":{"\u00c9crit par":"Edit\u00f6r","Dur\u00e9e de lecture est.":"5 minutes"},"schema":{"@context":"https:\/\/schema.org","@graph":[{"@type":"Article","@id":"https:\/\/avrupapress.com\/2020\/02\/05\/istanbul-sabiha-gokcende-ucak-pistten-cikti-1-kisi-hayatini-kaybetti-157-kisi-yaralandi\/#article","isPartOf":{"@id":"https:\/\/avrupapress.com\/2020\/02\/05\/istanbul-sabiha-gokcende-ucak-pistten-cikti-1-kisi-hayatini-kaybetti-157-kisi-yaralandi\/"},"author":{"name":"Edit\u00f6r","@id":"https:\/\/avrupapress.com\/#\/schema\/person\/68428444ec60970d1e1b700cf4ca1e8f"},"headline":"\u0130stanbul Sabiha G\u00f6k\u00e7en&rsquo;de u\u00e7ak pistten \u00e7\u0131kt\u0131: 1 ki\u015fi hayat\u0131n\u0131 kaybetti, 157 ki\u015fi yaraland\u0131","datePublished":"2020-02-05T21:09:59+00:00","dateModified":"2020-02-05T21:10:05+00:00","mainEntityOfPage":{"@id":"https:\/\/avrupapress.com\/2020\/02\/05\/istanbul-sabiha-gokcende-ucak-pistten-cikti-1-kisi-hayatini-kaybetti-157-kisi-yaralandi\/"},"wordCount":1023,"publisher":{"@id":"https:\/\/avrupapress.com\/#\/schema\/person\/0223dca19c72c43575bf30d1a2d8f4fa"},"image":{"@id":"https:\/\/avrupapress.com\/2020\/02\/05\/istanbul-sabiha-gokcende-ucak-pistten-cikti-1-kisi-hayatini-kaybetti-157-kisi-yaralandi\/#primaryimage"},"thumbnailUrl":"https:\/\/avrupapress.com\/main\/wp-content\/uploads\/2020\/02\/son-dakika-sabiha-gokcen-deki-ucak-kazasinda-ilk-12889300_1771_m.jpg","articleSection":["Avrupa","Bel\u00e7ika","D\u00fcnya","Ekonomi","K\u00fclt\u00fcr-Sanat","Spor","Tan\u0131t\u0131m","T\u00fcrkiye","Uncategorized"],"inLanguage":"fr-BE"},{"@type":"WebPage","@id":"https:\/\/avrupapress.com\/2020\/02\/05\/istanbul-sabiha-gokcende-ucak-pistten-cikti-1-kisi-hayatini-kaybetti-157-kisi-yaralandi\/","url":"https:\/\/avrupapress.com\/2020\/02\/05\/istanbul-sabiha-gokcende-ucak-pistten-cikti-1-kisi-hayatini-kaybetti-157-kisi-yaralandi\/","name":"\u0130stanbul Sabiha G\u00f6k\u00e7en'de u\u00e7ak pistten \u00e7\u0131kt\u0131: 1 ki\u015fi hayat\u0131n\u0131 kaybetti, 157 ki\u015fi yaraland\u0131 - AvrupaPress","isPartOf":{"@id":"https:\/\/avrupapress.com\/#website"},"primaryImageOfPage":{"@id":"https:\/\/avrupapress.com\/2020\/02\/05\/istanbul-sabiha-gokcende-ucak-pistten-cikti-1-kisi-hayatini-kaybetti-157-kisi-yaralandi\/#primaryimage"},"image":{"@id":"https:\/\/avrupapress.com\/2020\/02\/05\/istanbul-sabiha-gokcende-ucak-pistten-cikti-1-kisi-hayatini-kaybetti-157-kisi-yaralandi\/#primaryimage"},"thumbnailUrl":"https:\/\/avrupapress.com\/main\/wp-content\/uploads\/2020\/02\/son-dakika-sabiha-gokcen-deki-ucak-kazasinda-ilk-12889300_1771_m.jpg","datePublished":"2020-02-05T21:09:59+00:00","dateModified":"2020-02-05T21:10:05+00:00","breadcrumb":{"@id":"https:\/\/avrupapress.com\/2020\/02\/05\/istanbul-sabiha-gokcende-ucak-pistten-cikti-1-kisi-hayatini-kaybetti-157-kisi-yaralandi\/#breadcrumb"},"inLanguage":"fr-BE","potentialAction":[{"@type":"ReadAction","target":["https:\/\/avrupapress.com\/2020\/02\/05\/istanbul-sabiha-gokcende-ucak-pistten-cikti-1-kisi-hayatini-kaybetti-157-kisi-yaralandi\/"]}]},{"@type":"ImageObject","inLanguage":"fr-BE","@id":"https:\/\/avrupapress.com\/2020\/02\/05\/istanbul-sabiha-gokcende-ucak-pistten-cikti-1-kisi-hayatini-kaybetti-157-kisi-yaralandi\/#primaryimage","url":"https:\/\/avrupapress.com\/main\/wp-content\/uploads\/2020\/02\/son-dakika-sabiha-gokcen-deki-ucak-kazasinda-ilk-12889300_1771_m.jpg","contentUrl":"https:\/\/avrupapress.com\/main\/wp-content\/uploads\/2020\/02\/son-dakika-sabiha-gokcen-deki-ucak-kazasinda-ilk-12889300_1771_m.jpg","width":640,"height":390},{"@type":"BreadcrumbList","@id":"https:\/\/avrupapress.com\/2020\/02\/05\/istanbul-sabiha-gokcende-ucak-pistten-cikti-1-kisi-hayatini-kaybetti-157-kisi-yaralandi\/#breadcrumb","itemListElement":[{"@type":"ListItem","position":1,"name":"Anasayfa","item":"https:\/\/avrupapress.com\/"},{"@type":"ListItem","position":2,"name":"\u0130stanbul Sabiha G\u00f6k\u00e7en&#8217;de u\u00e7ak pistten \u00e7\u0131kt\u0131: 1 ki\u015fi hayat\u0131n\u0131 kaybetti, 157 ki\u015fi yaraland\u0131"}]},{"@type":"WebSite","@id":"https:\/\/avrupapress.com\/#website","url":"https:\/\/avrupapress.com\/","name":"AvrupaPress","description":"Haberin Adresi","publisher":{"@id":"https:\/\/avrupapress.com\/#\/schema\/person\/0223dca19c72c43575bf30d1a2d8f4fa"},"potentialAction":[{"@type":"SearchAction","target":{"@type":"EntryPoint","urlTemplate":"https:\/\/avrupapress.com\/?s={search_term_string}"},"query-input":{"@type":"PropertyValueSpecification","valueRequired":true,"valueName":"search_term_string"}}],"inLanguage":"fr-BE"},{"@type":["Person","Organization"],"@id":"https:\/\/avrupapress.com\/#\/schema\/person\/0223dca19c72c43575bf30d1a2d8f4fa","name":"Bilgin \u00d6z\u00e7ift\u00e7i","image":{"@type":"ImageObject","inLanguage":"fr-BE","@id":"https:\/\/avrupapress.com\/#\/schema\/person\/image\/","url":"https:\/\/secure.gravatar.com\/avatar\/0f23b280433a21e1ea7a0adcc46ed0ad16afe3ad8e630fd13d8a017dcbd54ef3?s=96&d=mm&r=g","contentUrl":"https:\/\/secure.gravatar.com\/avatar\/0f23b280433a21e1ea7a0adcc46ed0ad16afe3ad8e630fd13d8a017dcbd54ef3?s=96&d=mm&r=g","caption":"Bilgin \u00d6z\u00e7ift\u00e7i"},"logo":{"@id":"https:\/\/avrupapress.com\/#\/schema\/person\/image\/"},"description":"Ne ben, nede sen... Biz ancak \"biz\" olursak g\u00fc\u00e7l\u00fc olabiliriz"},{"@type":"Person","@id":"https:\/\/avrupapress.com\/#\/schema\/person\/68428444ec60970d1e1b700cf4ca1e8f","name":"Edit\u00f6r","image":{"@type":"ImageObject","inLanguage":"fr-BE","@id":"https:\/\/avrupapress.com\/#\/schema\/person\/image\/","url":"https:\/\/secure.gravatar.com\/avatar\/74996b0977aa5f1559ba9883776652508b229005c0d78fb2597897f0bd651c09?s=96&d=mm&r=g","contentUrl":"https:\/\/secure.gravatar.com\/avatar\/74996b0977aa5f1559ba9883776652508b229005c0d78fb2597897f0bd651c09?s=96&d=mm&r=g","caption":"Edit\u00f6r"},"sameAs":["http:\/\/www.avrupapress.com"],"url":"https:\/\/avrupapress.com\/main\/author\/editor\/"}]}},"_links":{"self":[{"href":"https:\/\/avrupapress.com\/main\/wp-json\/wp\/v2\/posts\/10512","targetHints":{"allow":["GET"]}}],"collection":[{"href":"https:\/\/avrupapress.com\/main\/wp-json\/wp\/v2\/posts"}],"about":[{"href":"https:\/\/avrupapress.com\/main\/wp-json\/wp\/v2\/types\/post"}],"author":[{"embeddable":true,"href":"https:\/\/avrupapress.com\/main\/wp-json\/wp\/v2\/users\/3"}],"replies":[{"embeddable":true,"href":"https:\/\/avrupapress.com\/main\/wp-json\/wp\/v2\/comments?post=10512"}],"version-history":[{"count":1,"href":"https:\/\/avrupapress.com\/main\/wp-json\/wp\/v2\/posts\/10512\/revisions"}],"predecessor-version":[{"id":10523,"href":"https:\/\/avrupapress.com\/main\/wp-json\/wp\/v2\/posts\/10512\/revisions\/10523"}],"wp:featuredmedia":[{"embeddable":true,"href":"https:\/\/avrupapress.com\/main\/wp-json\/wp\/v2\/media\/10517"}],"wp:attachment":[{"href":"https:\/\/avrupapress.com\/main\/wp-json\/wp\/v2\/media?parent=10512"}],"wp:term":[{"taxonomy":"category","embeddable":true,"href":"https:\/\/avrupapress.com\/main\/wp-json\/wp\/v2\/categories?post=10512"},{"taxonomy":"post_tag","embeddable":true,"href":"https:\/\/avrupapress.com\/main\/wp-json\/wp\/v2\/tags?post=10512"}],"curies":[{"name":"wp","href":"https:\/\/api.w.org\/{rel}","templated":true}]}}