{"id":10509,"date":"2020-02-04T20:31:27","date_gmt":"2020-02-04T20:31:27","guid":{"rendered":"http:\/\/avrupapress.com\/main\/?p=10509"},"modified":"2020-02-04T20:31:29","modified_gmt":"2020-02-04T20:31:29","slug":"belcikada-ilk-koronavirus-vakasi-virusu-tasiyan-kisi-karantinaya-alindi","status":"publish","type":"post","link":"https:\/\/avrupapress.com\/main\/2020\/02\/04\/belcikada-ilk-koronavirus-vakasi-virusu-tasiyan-kisi-karantinaya-alindi\/","title":{"rendered":"Bel\u00e7ika&rsquo;da ilk koronavir\u00fcs vakas\u0131: Vir\u00fcs\u00fc ta\u015f\u0131yan ki\u015fi karantinaya al\u0131nd\u0131"},"content":{"rendered":"\n<p><strong>\u00c7in&rsquo;in Vuhan \u015fehrinden Bel\u00e7ika&rsquo;ya getirilen 9 ki\u015fiden birinde d\u00fcnya genelinde y\u00fczlerce ki\u015finin hayat\u0131n\u0131 kaybetmesine neden olan koronavir\u00fcs tespit edildi.<\/strong><\/p>\n\n\n\n<p>\u00c7in&rsquo;in Vuhan \u015fehrinden Belcika&rsquo;ya getirilen 9 ki\u015fiden birinde d\u00fcnya genelinde y\u00fczlerce ki\u015finin hayat\u0131n\u0131 kaybetmesine neden olan koronavir\u00fcs tespit edildi.<\/p>\n\n\n\n<p><br>Bel\u00e7ika Sa\u011fl\u0131k Bakanl\u0131\u011f\u0131 taraf\u0131ndan yap\u0131lan yaz\u0131l\u0131 a\u00e7\u0131klamada Neder-Over-Hembeek askeri hastanesinde test edilen di\u011fer Bel\u00e7ikal\u0131larda herhangi bir sorun ya\u015fanmad\u0131\u011f\u0131 bildirildi.<\/p>\n\n\n\n<p> De Block, koronavir\u00fcs tespit edilen ki\u015finin Saint Peter&rsquo;s hastanesine kald\u0131r\u0131ld\u0131\u011f\u0131n\u0131, sa\u011fl\u0131k durumunun iyi oldu\u011funu ifade ederek, \u00ab\u00a0Hastane gerekli tecr\u00fcbe ve te\u00e7hizata sahip.\u00a0\u00bb a\u00e7\u0131klamas\u0131nda bulundu. <\/p>\n","protected":false},"excerpt":{"rendered":"<p>\u00c7in&rsquo;in Vuhan \u015fehrinden Bel\u00e7ika&rsquo;ya getirilen 9 ki\u015fiden birinde d\u00fcnya genelinde y\u00fczlerce ki\u015finin hayat\u0131n\u0131 kaybetmesine neden olan koronavir\u00fcs tespit edildi. \u00c7in&rsquo;in Vuhan \u015fehrinden Belcika&rsquo;ya getirilen 9 ki\u015fiden birinde d\u00fcnya genelinde y\u00fczlerce ki\u015finin hayat\u0131n\u0131 kaybetmesine neden olan koronavir\u00fcs tespit edildi. Bel\u00e7ika Sa\u011fl\u0131k Bakanl\u0131\u011f\u0131 taraf\u0131ndan yap\u0131lan yaz\u0131l\u0131 a\u00e7\u0131klamada Neder-Over-Hembeek askeri hastanesinde test edilen di\u011fer Bel\u00e7ikal\u0131larda herhangi bir sorun [&hellip;]<\/p>\n","protected":false},"author":3,"featured_media":10510,"comment_status":"closed","ping_status":"open","sticky":false,"template":"","format":"standard","meta":{"footnotes":""},"categories":[14,16,3,17,18,15,19,2,1],"tags":[],"class_list":["post-10509","post","type-post","status-publish","format-standard","has-post-thumbnail","hentry","category-avrupa","category-belcika","category-dunya","category-ekonomi","category-kultur-sanat","category-spor","category-tanitim","category-turkiye","category-uncategorized"],"yoast_head":"<!-- This site is optimized with the Yoast SEO plugin v26.9 - https:\/\/yoast.com\/product\/yoast-seo-wordpress\/ -->\n<title>Bel\u00e7ika&#039;da ilk koronavir\u00fcs vakas\u0131: Vir\u00fcs\u00fc ta\u015f\u0131yan ki\u015fi karantinaya al\u0131nd\u0131 - AvrupaPress<\/title>\n<meta name=\"robots\" content=\"index, follow, max-snippet:-1, max-image-preview:large, max-video-preview:-1\" \/>\n<link rel=\"canonical\" href=\"https:\/\/avrupapress.com\/2020\/02\/04\/belcikada-ilk-koronavirus-vakasi-virusu-tasiyan-kisi-karantinaya-alindi\/\" \/>\n<meta property=\"og:locale\" content=\"fr_FR\" \/>\n<meta property=\"og:type\" content=\"article\" \/>\n<meta property=\"og:title\" content=\"Bel\u00e7ika&#039;da ilk koronavir\u00fcs vakas\u0131: Vir\u00fcs\u00fc ta\u015f\u0131yan ki\u015fi karantinaya al\u0131nd\u0131 - AvrupaPress\" \/>\n<meta property=\"og:description\" content=\"\u00c7in&rsquo;in Vuhan \u015fehrinden Bel\u00e7ika&rsquo;ya getirilen 9 ki\u015fiden birinde d\u00fcnya genelinde y\u00fczlerce ki\u015finin hayat\u0131n\u0131 kaybetmesine neden olan koronavir\u00fcs tespit edildi. \u00c7in&rsquo;in Vuhan \u015fehrinden Belcika&rsquo;ya getirilen 9 ki\u015fiden birinde d\u00fcnya genelinde y\u00fczlerce ki\u015finin hayat\u0131n\u0131 kaybetmesine neden olan koronavir\u00fcs tespit edildi. Bel\u00e7ika Sa\u011fl\u0131k Bakanl\u0131\u011f\u0131 taraf\u0131ndan yap\u0131lan yaz\u0131l\u0131 a\u00e7\u0131klamada Neder-Over-Hembeek askeri hastanesinde test edilen di\u011fer Bel\u00e7ikal\u0131larda herhangi bir sorun [&hellip;]\" \/>\n<meta property=\"og:url\" content=\"https:\/\/avrupapress.com\/2020\/02\/04\/belcikada-ilk-koronavirus-vakasi-virusu-tasiyan-kisi-karantinaya-alindi\/\" \/>\n<meta property=\"og:site_name\" content=\"AvrupaPress\" \/>\n<meta property=\"article:published_time\" content=\"2020-02-04T20:31:27+00:00\" \/>\n<meta property=\"article:modified_time\" content=\"2020-02-04T20:31:29+00:00\" \/>\n<meta property=\"og:image\" content=\"https:\/\/avrupapress.com\/wp-content\/uploads\/2020\/02\/belcika-da-ilk-koronavirus-vakasi-virusu-tasi-12883854_o.jpg\" \/>\n\t<meta property=\"og:image:width\" content=\"640\" \/>\n\t<meta property=\"og:image:height\" content=\"360\" \/>\n\t<meta property=\"og:image:type\" content=\"image\/jpeg\" \/>\n<meta name=\"author\" content=\"Edit\u00f6r\" \/>\n<meta name=\"twitter:card\" content=\"summary_large_image\" \/>\n<meta name=\"twitter:label1\" content=\"\u00c9crit par\" \/>\n\t<meta name=\"twitter:data1\" content=\"Edit\u00f6r\" \/>\n\t<meta name=\"twitter:label2\" content=\"Dur\u00e9e de lecture est.\" \/>\n\t<meta name=\"twitter:data2\" content=\"1 minute\" \/>\n<script type=\"application\/ld+json\" class=\"yoast-schema-graph\">{\"@context\":\"https:\/\/schema.org\",\"@graph\":[{\"@type\":\"Article\",\"@id\":\"https:\/\/avrupapress.com\/2020\/02\/04\/belcikada-ilk-koronavirus-vakasi-virusu-tasiyan-kisi-karantinaya-alindi\/#article\",\"isPartOf\":{\"@id\":\"https:\/\/avrupapress.com\/2020\/02\/04\/belcikada-ilk-koronavirus-vakasi-virusu-tasiyan-kisi-karantinaya-alindi\/\"},\"author\":{\"name\":\"Edit\u00f6r\",\"@id\":\"https:\/\/avrupapress.com\/#\/schema\/person\/68428444ec60970d1e1b700cf4ca1e8f\"},\"headline\":\"Bel\u00e7ika&rsquo;da ilk koronavir\u00fcs vakas\u0131: Vir\u00fcs\u00fc ta\u015f\u0131yan ki\u015fi karantinaya al\u0131nd\u0131\",\"datePublished\":\"2020-02-04T20:31:27+00:00\",\"dateModified\":\"2020-02-04T20:31:29+00:00\",\"mainEntityOfPage\":{\"@id\":\"https:\/\/avrupapress.com\/2020\/02\/04\/belcikada-ilk-koronavirus-vakasi-virusu-tasiyan-kisi-karantinaya-alindi\/\"},\"wordCount\":130,\"publisher\":{\"@id\":\"https:\/\/avrupapress.com\/#\/schema\/person\/0223dca19c72c43575bf30d1a2d8f4fa\"},\"image\":{\"@id\":\"https:\/\/avrupapress.com\/2020\/02\/04\/belcikada-ilk-koronavirus-vakasi-virusu-tasiyan-kisi-karantinaya-alindi\/#primaryimage\"},\"thumbnailUrl\":\"https:\/\/avrupapress.com\/main\/wp-content\/uploads\/2020\/02\/belcika-da-ilk-koronavirus-vakasi-virusu-tasi-12883854_o.jpg\",\"articleSection\":[\"Avrupa\",\"Bel\u00e7ika\",\"D\u00fcnya\",\"Ekonomi\",\"K\u00fclt\u00fcr-Sanat\",\"Spor\",\"Tan\u0131t\u0131m\",\"T\u00fcrkiye\",\"Uncategorized\"],\"inLanguage\":\"fr-BE\"},{\"@type\":\"WebPage\",\"@id\":\"https:\/\/avrupapress.com\/2020\/02\/04\/belcikada-ilk-koronavirus-vakasi-virusu-tasiyan-kisi-karantinaya-alindi\/\",\"url\":\"https:\/\/avrupapress.com\/2020\/02\/04\/belcikada-ilk-koronavirus-vakasi-virusu-tasiyan-kisi-karantinaya-alindi\/\",\"name\":\"Bel\u00e7ika'da ilk koronavir\u00fcs vakas\u0131: Vir\u00fcs\u00fc ta\u015f\u0131yan ki\u015fi karantinaya al\u0131nd\u0131 - AvrupaPress\",\"isPartOf\":{\"@id\":\"https:\/\/avrupapress.com\/#website\"},\"primaryImageOfPage\":{\"@id\":\"https:\/\/avrupapress.com\/2020\/02\/04\/belcikada-ilk-koronavirus-vakasi-virusu-tasiyan-kisi-karantinaya-alindi\/#primaryimage\"},\"image\":{\"@id\":\"https:\/\/avrupapress.com\/2020\/02\/04\/belcikada-ilk-koronavirus-vakasi-virusu-tasiyan-kisi-karantinaya-alindi\/#primaryimage\"},\"thumbnailUrl\":\"https:\/\/avrupapress.com\/main\/wp-content\/uploads\/2020\/02\/belcika-da-ilk-koronavirus-vakasi-virusu-tasi-12883854_o.jpg\",\"datePublished\":\"2020-02-04T20:31:27+00:00\",\"dateModified\":\"2020-02-04T20:31:29+00:00\",\"breadcrumb\":{\"@id\":\"https:\/\/avrupapress.com\/2020\/02\/04\/belcikada-ilk-koronavirus-vakasi-virusu-tasiyan-kisi-karantinaya-alindi\/#breadcrumb\"},\"inLanguage\":\"fr-BE\",\"potentialAction\":[{\"@type\":\"ReadAction\",\"target\":[\"https:\/\/avrupapress.com\/2020\/02\/04\/belcikada-ilk-koronavirus-vakasi-virusu-tasiyan-kisi-karantinaya-alindi\/\"]}]},{\"@type\":\"ImageObject\",\"inLanguage\":\"fr-BE\",\"@id\":\"https:\/\/avrupapress.com\/2020\/02\/04\/belcikada-ilk-koronavirus-vakasi-virusu-tasiyan-kisi-karantinaya-alindi\/#primaryimage\",\"url\":\"https:\/\/avrupapress.com\/main\/wp-content\/uploads\/2020\/02\/belcika-da-ilk-koronavirus-vakasi-virusu-tasi-12883854_o.jpg\",\"contentUrl\":\"https:\/\/avrupapress.com\/main\/wp-content\/uploads\/2020\/02\/belcika-da-ilk-koronavirus-vakasi-virusu-tasi-12883854_o.jpg\",\"width\":640,\"height\":360},{\"@type\":\"BreadcrumbList\",\"@id\":\"https:\/\/avrupapress.com\/2020\/02\/04\/belcikada-ilk-koronavirus-vakasi-virusu-tasiyan-kisi-karantinaya-alindi\/#breadcrumb\",\"itemListElement\":[{\"@type\":\"ListItem\",\"position\":1,\"name\":\"Anasayfa\",\"item\":\"https:\/\/avrupapress.com\/\"},{\"@type\":\"ListItem\",\"position\":2,\"name\":\"Bel\u00e7ika&#8217;da ilk koronavir\u00fcs vakas\u0131: Vir\u00fcs\u00fc ta\u015f\u0131yan ki\u015fi karantinaya al\u0131nd\u0131\"}]},{\"@type\":\"WebSite\",\"@id\":\"https:\/\/avrupapress.com\/#website\",\"url\":\"https:\/\/avrupapress.com\/\",\"name\":\"AvrupaPress\",\"description\":\"Haberin Adresi\",\"publisher\":{\"@id\":\"https:\/\/avrupapress.com\/#\/schema\/person\/0223dca19c72c43575bf30d1a2d8f4fa\"},\"potentialAction\":[{\"@type\":\"SearchAction\",\"target\":{\"@type\":\"EntryPoint\",\"urlTemplate\":\"https:\/\/avrupapress.com\/?s={search_term_string}\"},\"query-input\":{\"@type\":\"PropertyValueSpecification\",\"valueRequired\":true,\"valueName\":\"search_term_string\"}}],\"inLanguage\":\"fr-BE\"},{\"@type\":[\"Person\",\"Organization\"],\"@id\":\"https:\/\/avrupapress.com\/#\/schema\/person\/0223dca19c72c43575bf30d1a2d8f4fa\",\"name\":\"Bilgin \u00d6z\u00e7ift\u00e7i\",\"image\":{\"@type\":\"ImageObject\",\"inLanguage\":\"fr-BE\",\"@id\":\"https:\/\/avrupapress.com\/#\/schema\/person\/image\/\",\"url\":\"https:\/\/secure.gravatar.com\/avatar\/0f23b280433a21e1ea7a0adcc46ed0ad16afe3ad8e630fd13d8a017dcbd54ef3?s=96&d=mm&r=g\",\"contentUrl\":\"https:\/\/secure.gravatar.com\/avatar\/0f23b280433a21e1ea7a0adcc46ed0ad16afe3ad8e630fd13d8a017dcbd54ef3?s=96&d=mm&r=g\",\"caption\":\"Bilgin \u00d6z\u00e7ift\u00e7i\"},\"logo\":{\"@id\":\"https:\/\/avrupapress.com\/#\/schema\/person\/image\/\"},\"description\":\"Ne ben, nede sen... Biz ancak \\\"biz\\\" olursak g\u00fc\u00e7l\u00fc olabiliriz\"},{\"@type\":\"Person\",\"@id\":\"https:\/\/avrupapress.com\/#\/schema\/person\/68428444ec60970d1e1b700cf4ca1e8f\",\"name\":\"Edit\u00f6r\",\"image\":{\"@type\":\"ImageObject\",\"inLanguage\":\"fr-BE\",\"@id\":\"https:\/\/avrupapress.com\/#\/schema\/person\/image\/\",\"url\":\"https:\/\/secure.gravatar.com\/avatar\/74996b0977aa5f1559ba9883776652508b229005c0d78fb2597897f0bd651c09?s=96&d=mm&r=g\",\"contentUrl\":\"https:\/\/secure.gravatar.com\/avatar\/74996b0977aa5f1559ba9883776652508b229005c0d78fb2597897f0bd651c09?s=96&d=mm&r=g\",\"caption\":\"Edit\u00f6r\"},\"sameAs\":[\"http:\/\/www.avrupapress.com\"],\"url\":\"https:\/\/avrupapress.com\/main\/author\/editor\/\"}]}<\/script>\n<!-- \/ Yoast SEO plugin. -->","yoast_head_json":{"title":"Bel\u00e7ika'da ilk koronavir\u00fcs vakas\u0131: Vir\u00fcs\u00fc ta\u015f\u0131yan ki\u015fi karantinaya al\u0131nd\u0131 - AvrupaPress","robots":{"index":"index","follow":"follow","max-snippet":"max-snippet:-1","max-image-preview":"max-image-preview:large","max-video-preview":"max-video-preview:-1"},"canonical":"https:\/\/avrupapress.com\/2020\/02\/04\/belcikada-ilk-koronavirus-vakasi-virusu-tasiyan-kisi-karantinaya-alindi\/","og_locale":"fr_FR","og_type":"article","og_title":"Bel\u00e7ika'da ilk koronavir\u00fcs vakas\u0131: Vir\u00fcs\u00fc ta\u015f\u0131yan ki\u015fi karantinaya al\u0131nd\u0131 - AvrupaPress","og_description":"\u00c7in&rsquo;in Vuhan \u015fehrinden Bel\u00e7ika&rsquo;ya getirilen 9 ki\u015fiden birinde d\u00fcnya genelinde y\u00fczlerce ki\u015finin hayat\u0131n\u0131 kaybetmesine neden olan koronavir\u00fcs tespit edildi. \u00c7in&rsquo;in Vuhan \u015fehrinden Belcika&rsquo;ya getirilen 9 ki\u015fiden birinde d\u00fcnya genelinde y\u00fczlerce ki\u015finin hayat\u0131n\u0131 kaybetmesine neden olan koronavir\u00fcs tespit edildi. Bel\u00e7ika Sa\u011fl\u0131k Bakanl\u0131\u011f\u0131 taraf\u0131ndan yap\u0131lan yaz\u0131l\u0131 a\u00e7\u0131klamada Neder-Over-Hembeek askeri hastanesinde test edilen di\u011fer Bel\u00e7ikal\u0131larda herhangi bir sorun [&hellip;]","og_url":"https:\/\/avrupapress.com\/2020\/02\/04\/belcikada-ilk-koronavirus-vakasi-virusu-tasiyan-kisi-karantinaya-alindi\/","og_site_name":"AvrupaPress","article_published_time":"2020-02-04T20:31:27+00:00","article_modified_time":"2020-02-04T20:31:29+00:00","og_image":[{"width":640,"height":360,"url":"https:\/\/avrupapress.com\/wp-content\/uploads\/2020\/02\/belcika-da-ilk-koronavirus-vakasi-virusu-tasi-12883854_o.jpg","type":"image\/jpeg"}],"author":"Edit\u00f6r","twitter_card":"summary_large_image","twitter_misc":{"\u00c9crit par":"Edit\u00f6r","Dur\u00e9e de lecture est.":"1 minute"},"schema":{"@context":"https:\/\/schema.org","@graph":[{"@type":"Article","@id":"https:\/\/avrupapress.com\/2020\/02\/04\/belcikada-ilk-koronavirus-vakasi-virusu-tasiyan-kisi-karantinaya-alindi\/#article","isPartOf":{"@id":"https:\/\/avrupapress.com\/2020\/02\/04\/belcikada-ilk-koronavirus-vakasi-virusu-tasiyan-kisi-karantinaya-alindi\/"},"author":{"name":"Edit\u00f6r","@id":"https:\/\/avrupapress.com\/#\/schema\/person\/68428444ec60970d1e1b700cf4ca1e8f"},"headline":"Bel\u00e7ika&rsquo;da ilk koronavir\u00fcs vakas\u0131: Vir\u00fcs\u00fc ta\u015f\u0131yan ki\u015fi karantinaya al\u0131nd\u0131","datePublished":"2020-02-04T20:31:27+00:00","dateModified":"2020-02-04T20:31:29+00:00","mainEntityOfPage":{"@id":"https:\/\/avrupapress.com\/2020\/02\/04\/belcikada-ilk-koronavirus-vakasi-virusu-tasiyan-kisi-karantinaya-alindi\/"},"wordCount":130,"publisher":{"@id":"https:\/\/avrupapress.com\/#\/schema\/person\/0223dca19c72c43575bf30d1a2d8f4fa"},"image":{"@id":"https:\/\/avrupapress.com\/2020\/02\/04\/belcikada-ilk-koronavirus-vakasi-virusu-tasiyan-kisi-karantinaya-alindi\/#primaryimage"},"thumbnailUrl":"https:\/\/avrupapress.com\/main\/wp-content\/uploads\/2020\/02\/belcika-da-ilk-koronavirus-vakasi-virusu-tasi-12883854_o.jpg","articleSection":["Avrupa","Bel\u00e7ika","D\u00fcnya","Ekonomi","K\u00fclt\u00fcr-Sanat","Spor","Tan\u0131t\u0131m","T\u00fcrkiye","Uncategorized"],"inLanguage":"fr-BE"},{"@type":"WebPage","@id":"https:\/\/avrupapress.com\/2020\/02\/04\/belcikada-ilk-koronavirus-vakasi-virusu-tasiyan-kisi-karantinaya-alindi\/","url":"https:\/\/avrupapress.com\/2020\/02\/04\/belcikada-ilk-koronavirus-vakasi-virusu-tasiyan-kisi-karantinaya-alindi\/","name":"Bel\u00e7ika'da ilk koronavir\u00fcs vakas\u0131: Vir\u00fcs\u00fc ta\u015f\u0131yan ki\u015fi karantinaya al\u0131nd\u0131 - AvrupaPress","isPartOf":{"@id":"https:\/\/avrupapress.com\/#website"},"primaryImageOfPage":{"@id":"https:\/\/avrupapress.com\/2020\/02\/04\/belcikada-ilk-koronavirus-vakasi-virusu-tasiyan-kisi-karantinaya-alindi\/#primaryimage"},"image":{"@id":"https:\/\/avrupapress.com\/2020\/02\/04\/belcikada-ilk-koronavirus-vakasi-virusu-tasiyan-kisi-karantinaya-alindi\/#primaryimage"},"thumbnailUrl":"https:\/\/avrupapress.com\/main\/wp-content\/uploads\/2020\/02\/belcika-da-ilk-koronavirus-vakasi-virusu-tasi-12883854_o.jpg","datePublished":"2020-02-04T20:31:27+00:00","dateModified":"2020-02-04T20:31:29+00:00","breadcrumb":{"@id":"https:\/\/avrupapress.com\/2020\/02\/04\/belcikada-ilk-koronavirus-vakasi-virusu-tasiyan-kisi-karantinaya-alindi\/#breadcrumb"},"inLanguage":"fr-BE","potentialAction":[{"@type":"ReadAction","target":["https:\/\/avrupapress.com\/2020\/02\/04\/belcikada-ilk-koronavirus-vakasi-virusu-tasiyan-kisi-karantinaya-alindi\/"]}]},{"@type":"ImageObject","inLanguage":"fr-BE","@id":"https:\/\/avrupapress.com\/2020\/02\/04\/belcikada-ilk-koronavirus-vakasi-virusu-tasiyan-kisi-karantinaya-alindi\/#primaryimage","url":"https:\/\/avrupapress.com\/main\/wp-content\/uploads\/2020\/02\/belcika-da-ilk-koronavirus-vakasi-virusu-tasi-12883854_o.jpg","contentUrl":"https:\/\/avrupapress.com\/main\/wp-content\/uploads\/2020\/02\/belcika-da-ilk-koronavirus-vakasi-virusu-tasi-12883854_o.jpg","width":640,"height":360},{"@type":"BreadcrumbList","@id":"https:\/\/avrupapress.com\/2020\/02\/04\/belcikada-ilk-koronavirus-vakasi-virusu-tasiyan-kisi-karantinaya-alindi\/#breadcrumb","itemListElement":[{"@type":"ListItem","position":1,"name":"Anasayfa","item":"https:\/\/avrupapress.com\/"},{"@type":"ListItem","position":2,"name":"Bel\u00e7ika&#8217;da ilk koronavir\u00fcs vakas\u0131: Vir\u00fcs\u00fc ta\u015f\u0131yan ki\u015fi karantinaya al\u0131nd\u0131"}]},{"@type":"WebSite","@id":"https:\/\/avrupapress.com\/#website","url":"https:\/\/avrupapress.com\/","name":"AvrupaPress","description":"Haberin Adresi","publisher":{"@id":"https:\/\/avrupapress.com\/#\/schema\/person\/0223dca19c72c43575bf30d1a2d8f4fa"},"potentialAction":[{"@type":"SearchAction","target":{"@type":"EntryPoint","urlTemplate":"https:\/\/avrupapress.com\/?s={search_term_string}"},"query-input":{"@type":"PropertyValueSpecification","valueRequired":true,"valueName":"search_term_string"}}],"inLanguage":"fr-BE"},{"@type":["Person","Organization"],"@id":"https:\/\/avrupapress.com\/#\/schema\/person\/0223dca19c72c43575bf30d1a2d8f4fa","name":"Bilgin \u00d6z\u00e7ift\u00e7i","image":{"@type":"ImageObject","inLanguage":"fr-BE","@id":"https:\/\/avrupapress.com\/#\/schema\/person\/image\/","url":"https:\/\/secure.gravatar.com\/avatar\/0f23b280433a21e1ea7a0adcc46ed0ad16afe3ad8e630fd13d8a017dcbd54ef3?s=96&d=mm&r=g","contentUrl":"https:\/\/secure.gravatar.com\/avatar\/0f23b280433a21e1ea7a0adcc46ed0ad16afe3ad8e630fd13d8a017dcbd54ef3?s=96&d=mm&r=g","caption":"Bilgin \u00d6z\u00e7ift\u00e7i"},"logo":{"@id":"https:\/\/avrupapress.com\/#\/schema\/person\/image\/"},"description":"Ne ben, nede sen... Biz ancak \"biz\" olursak g\u00fc\u00e7l\u00fc olabiliriz"},{"@type":"Person","@id":"https:\/\/avrupapress.com\/#\/schema\/person\/68428444ec60970d1e1b700cf4ca1e8f","name":"Edit\u00f6r","image":{"@type":"ImageObject","inLanguage":"fr-BE","@id":"https:\/\/avrupapress.com\/#\/schema\/person\/image\/","url":"https:\/\/secure.gravatar.com\/avatar\/74996b0977aa5f1559ba9883776652508b229005c0d78fb2597897f0bd651c09?s=96&d=mm&r=g","contentUrl":"https:\/\/secure.gravatar.com\/avatar\/74996b0977aa5f1559ba9883776652508b229005c0d78fb2597897f0bd651c09?s=96&d=mm&r=g","caption":"Edit\u00f6r"},"sameAs":["http:\/\/www.avrupapress.com"],"url":"https:\/\/avrupapress.com\/main\/author\/editor\/"}]}},"_links":{"self":[{"href":"https:\/\/avrupapress.com\/main\/wp-json\/wp\/v2\/posts\/10509","targetHints":{"allow":["GET"]}}],"collection":[{"href":"https:\/\/avrupapress.com\/main\/wp-json\/wp\/v2\/posts"}],"about":[{"href":"https:\/\/avrupapress.com\/main\/wp-json\/wp\/v2\/types\/post"}],"author":[{"embeddable":true,"href":"https:\/\/avrupapress.com\/main\/wp-json\/wp\/v2\/users\/3"}],"replies":[{"embeddable":true,"href":"https:\/\/avrupapress.com\/main\/wp-json\/wp\/v2\/comments?post=10509"}],"version-history":[{"count":1,"href":"https:\/\/avrupapress.com\/main\/wp-json\/wp\/v2\/posts\/10509\/revisions"}],"predecessor-version":[{"id":10511,"href":"https:\/\/avrupapress.com\/main\/wp-json\/wp\/v2\/posts\/10509\/revisions\/10511"}],"wp:featuredmedia":[{"embeddable":true,"href":"https:\/\/avrupapress.com\/main\/wp-json\/wp\/v2\/media\/10510"}],"wp:attachment":[{"href":"https:\/\/avrupapress.com\/main\/wp-json\/wp\/v2\/media?parent=10509"}],"wp:term":[{"taxonomy":"category","embeddable":true,"href":"https:\/\/avrupapress.com\/main\/wp-json\/wp\/v2\/categories?post=10509"},{"taxonomy":"post_tag","embeddable":true,"href":"https:\/\/avrupapress.com\/main\/wp-json\/wp\/v2\/tags?post=10509"}],"curies":[{"name":"wp","href":"https:\/\/api.w.org\/{rel}","templated":true}]}}